{"id":106,"date":"2016-03-04T18:44:07","date_gmt":"2016-03-04T16:44:07","guid":{"rendered":"http:\/\/www.ipasvibn.it\/web\/?p=106"},"modified":"2018-09-17T17:18:43","modified_gmt":"2018-09-17T15:18:43","slug":"quota-associativa-2016","status":"publish","type":"post","link":"https:\/\/www.opibn.it\/web\/news\/quota-associativa-2016\/","title":{"rendered":"Quota Associativa 2016"},"content":{"rendered":"<p>Le inviamo, in allegato, il bollettino MAV modello TD247 con il quale Vorr\u00e0 procedere, <strong>entro e non oltre il 30 aprile 2016<\/strong>, al versamento della quota di iscrizione al Collegio per l&#8217;anno 2016 che \u00e8 pari ad \u20ac 70,00.<\/p>\n<p>A tal uopo, in ossequio a quanto stabilito dal Consiglio dei Ministri in merito ai pagamenti effettuati in favore delle pubbliche amministrazioni, ci pregiamo ricordare che il Collegio Provinciale IPASVI \u00e8 un Ente di diritto pubblico non economico.<\/p>\n<p>Ci preme evidenziare, inoltre, che il versamento della quota di \u20ac 70,00 dovr\u00e0 avvenire utilizzando esclusivamente l&#8217;allegato bollettino MAV modello TD247, per cui non saranno ritenute valide forme diverse di pagamento.<\/p>\n<p>Gli iscritti che non dovessero ricevere l\u2019avviso di pagamento in uno all&#8217;allegato modello TD247 (a causa di disguidi postali, cambi di residenza e\/o domicilio non segnalati, etc.), sono tenuti a rivolgersi alla Segreteria del Collegio Ipasvi, sita in Benevento alla Via E Caggiano n. 18 (secondo piano), nei giorni e negli orari di apertura al pubblico (ossia il Luned\u00ec e Venerd\u00ec dalle ore 16.00 alle ore 19.00, ovvero il Marted\u00ec, Mercoled\u00ec e Gioved\u00ec, dalle ore 09.00 alle ore 12.30).<\/p>\n<p>Il duplicato dell&#8217;avviso di pagamento e del prefato modello TD247 potr\u00e0 essere richiesto anche via fax al numero 0824\/359980 ovvero tramite PEC all\u2019indirizzo benevento@ipasvi.legalmail.it oppure collegandosi al sito www.ipasvibn.it.<\/p>\n<p>Precisiamo, inoltre, che gli iscritti non in regola con il pagamento delle quote di iscrizione relative agli anni precedenti, riceveranno, a breve, presso il domicilio indicato, un sollecito di pagamento corredato di un ulteriore bollettino indicante l\u2019importo dovuto al 31 dicembre 2015.<\/p>\n<p><a href=\"http:\/\/ipasvibn.it\/doc\/Allegati_2016418\/MAV%20invio%20bollettini-1-1.pdf\" target=\"_blank\">Scarica pdf del comunicato<\/a><\/p>\n<p>Per contatti:<\/p>\n<ul>\n<li><em>pec<\/em> benevento@ipasvi.legalmail.it;<\/li>\n<li><em>mail<\/em> ipasvibn@alice.it;<\/li>\n<li><span style=\"line-height: 1.5;\"><em>fax<\/em> 0824359980; <\/span><\/li>\n<li><span style=\"line-height: 1.5;\"><em>tel<\/em>. 0824\/310911; <\/span><\/li>\n<li><span style=\"line-height: 1.5;\"><em>cell<\/em>. 339\/7771843 \u00a0&#8211; \u00a0339\/1286298 \u00a0&#8211; \u00a0337\/3732635<\/span><\/li>\n<\/ul>\n<p>&nbsp;<\/p>\n","protected":false},"excerpt":{"rendered":"<p>Le inviamo, in allegato, il bollettino MAV modello TD247 con il quale Vorr\u00e0 procedere, entro e non oltre il 30 aprile 2016, al versamento della quota di iscrizione al Collegio per l&#8217;anno 2016 che \u00e8 pari ad \u20ac 70,00. A tal uopo, in ossequio a quanto stabilito dal Consiglio dei&hellip; <\/p>\n","protected":false},"author":107,"featured_media":0,"comment_status":"closed","ping_status":"open","sticky":false,"template":"","format":"standard","meta":{"_acf_changed":false,"footnotes":""},"categories":[1],"tags":[],"class_list":["post-106","post","type-post","status-publish","format-standard","hentry","category-news"],"acf":[],"yoast_head":"<!-- This site is optimized with the Yoast SEO plugin v28.2 - https:\/\/yoast.com\/product\/yoast-seo-wordpress\/ -->\n<title>OPI Benevento | Ordine delle Professioni Infermieristiche - Quota Associativa 2016<\/title>\n<meta name=\"description\" content=\"%\" \/>\n<meta name=\"robots\" content=\"index, follow, max-snippet:-1, max-image-preview:large, max-video-preview:-1\" \/>\n<link rel=\"canonical\" href=\"https:\/\/www.opibn.it\/web\/news\/quota-associativa-2016\/\" \/>\n<meta property=\"og:locale\" content=\"it_IT\" \/>\n<meta property=\"og:type\" content=\"article\" \/>\n<meta property=\"og:title\" content=\"OPI Benevento | Ordine delle Professioni Infermieristiche - Quota Associativa 2016\" \/>\n<meta property=\"og:description\" content=\"%\" \/>\n<meta property=\"og:url\" content=\"https:\/\/www.opibn.it\/web\/news\/quota-associativa-2016\/\" \/>\n<meta property=\"og:site_name\" content=\"OPI Benevento | Ordine delle Professioni Infermieristiche\" \/>\n<meta property=\"article:publisher\" content=\"https:\/\/www.facebook.com\/ipasvibenevento\" \/>\n<meta property=\"article:published_time\" content=\"2016-03-04T16:44:07+00:00\" \/>\n<meta property=\"article:modified_time\" content=\"2018-09-17T15:18:43+00:00\" \/>\n<meta name=\"author\" content=\"OPI BN\" \/>\n<meta name=\"twitter:card\" content=\"summary_large_image\" \/>\n<meta name=\"twitter:label1\" content=\"Scritto da\" \/>\n\t<meta name=\"twitter:data1\" content=\"OPI BN\" \/>\n\t<meta name=\"twitter:label2\" content=\"Tempo di lettura stimato\" \/>\n\t<meta name=\"twitter:data2\" content=\"1 minuto\" \/>\n<script type=\"application\/ld+json\" class=\"yoast-schema-graph\">{\"@context\":\"https:\\\/\\\/schema.org\",\"@graph\":[{\"@type\":\"Article\",\"@id\":\"https:\\\/\\\/www.opibn.it\\\/web\\\/news\\\/quota-associativa-2016\\\/#article\",\"isPartOf\":{\"@id\":\"https:\\\/\\\/www.opibn.it\\\/web\\\/news\\\/quota-associativa-2016\\\/\"},\"author\":{\"name\":\"OPI BN\",\"@id\":\"https:\\\/\\\/www.opibn.it\\\/web\\\/#\\\/schema\\\/person\\\/5502c71f270145db3c88eaab767b01c1\"},\"headline\":\"Quota Associativa 2016\",\"datePublished\":\"2016-03-04T16:44:07+00:00\",\"dateModified\":\"2018-09-17T15:18:43+00:00\",\"mainEntityOfPage\":{\"@id\":\"https:\\\/\\\/www.opibn.it\\\/web\\\/news\\\/quota-associativa-2016\\\/\"},\"wordCount\":273,\"publisher\":{\"@id\":\"https:\\\/\\\/www.opibn.it\\\/web\\\/#organization\"},\"articleSection\":[\"News\"],\"inLanguage\":\"it-IT\"},{\"@type\":\"WebPage\",\"@id\":\"https:\\\/\\\/www.opibn.it\\\/web\\\/news\\\/quota-associativa-2016\\\/\",\"url\":\"https:\\\/\\\/www.opibn.it\\\/web\\\/news\\\/quota-associativa-2016\\\/\",\"name\":\"OPI Benevento | Ordine delle Professioni Infermieristiche - Quota Associativa 2016\",\"isPartOf\":{\"@id\":\"https:\\\/\\\/www.opibn.it\\\/web\\\/#website\"},\"datePublished\":\"2016-03-04T16:44:07+00:00\",\"dateModified\":\"2018-09-17T15:18:43+00:00\",\"description\":\"%\",\"breadcrumb\":{\"@id\":\"https:\\\/\\\/www.opibn.it\\\/web\\\/news\\\/quota-associativa-2016\\\/#breadcrumb\"},\"inLanguage\":\"it-IT\",\"potentialAction\":[{\"@type\":\"ReadAction\",\"target\":[\"https:\\\/\\\/www.opibn.it\\\/web\\\/news\\\/quota-associativa-2016\\\/\"]}]},{\"@type\":\"BreadcrumbList\",\"@id\":\"https:\\\/\\\/www.opibn.it\\\/web\\\/news\\\/quota-associativa-2016\\\/#breadcrumb\",\"itemListElement\":[{\"@type\":\"ListItem\",\"position\":1,\"name\":\"Home\",\"item\":\"https:\\\/\\\/www.opibn.it\\\/web\\\/\"},{\"@type\":\"ListItem\",\"position\":2,\"name\":\"Quota Associativa 2016\"}]},{\"@type\":\"WebSite\",\"@id\":\"https:\\\/\\\/www.opibn.it\\\/web\\\/#website\",\"url\":\"https:\\\/\\\/www.opibn.it\\\/web\\\/\",\"name\":\"OPI Benevento | Ordine delle Professioni Infermieristiche\",\"description\":\"Ordine delle Professioni Infermieristiche di Benevento\",\"publisher\":{\"@id\":\"https:\\\/\\\/www.opibn.it\\\/web\\\/#organization\"},\"potentialAction\":[{\"@type\":\"SearchAction\",\"target\":{\"@type\":\"EntryPoint\",\"urlTemplate\":\"https:\\\/\\\/www.opibn.it\\\/web\\\/?s={search_term_string}\"},\"query-input\":{\"@type\":\"PropertyValueSpecification\",\"valueRequired\":true,\"valueName\":\"search_term_string\"}}],\"inLanguage\":\"it-IT\"},{\"@type\":\"Organization\",\"@id\":\"https:\\\/\\\/www.opibn.it\\\/web\\\/#organization\",\"name\":\"OPI Benevento\",\"url\":\"https:\\\/\\\/www.opibn.it\\\/web\\\/\",\"logo\":{\"@type\":\"ImageObject\",\"inLanguage\":\"it-IT\",\"@id\":\"https:\\\/\\\/www.opibn.it\\\/web\\\/#\\\/schema\\\/logo\\\/image\\\/\",\"url\":\"https:\\\/\\\/www.opibn.it\\\/web\\\/wp-content\\\/uploads\\\/2018\\\/08\\\/opi-logo-quadrato.png\",\"contentUrl\":\"https:\\\/\\\/www.opibn.it\\\/web\\\/wp-content\\\/uploads\\\/2018\\\/08\\\/opi-logo-quadrato.png\",\"width\":358,\"height\":358,\"caption\":\"OPI Benevento\"},\"image\":{\"@id\":\"https:\\\/\\\/www.opibn.it\\\/web\\\/#\\\/schema\\\/logo\\\/image\\\/\"},\"sameAs\":[\"https:\\\/\\\/www.facebook.com\\\/ipasvibenevento\"]},{\"@type\":\"Person\",\"@id\":\"https:\\\/\\\/www.opibn.it\\\/web\\\/#\\\/schema\\\/person\\\/5502c71f270145db3c88eaab767b01c1\",\"name\":\"OPI BN\",\"image\":{\"@type\":\"ImageObject\",\"inLanguage\":\"it-IT\",\"@id\":\"https:\\\/\\\/secure.gravatar.com\\\/avatar\\\/87d735b700c0e22c6a17c6eb9638660c573676dac6dfd34de3893aaeef07b816?s=96&d=mm&r=g\",\"url\":\"https:\\\/\\\/secure.gravatar.com\\\/avatar\\\/87d735b700c0e22c6a17c6eb9638660c573676dac6dfd34de3893aaeef07b816?s=96&d=mm&r=g\",\"contentUrl\":\"https:\\\/\\\/secure.gravatar.com\\\/avatar\\\/87d735b700c0e22c6a17c6eb9638660c573676dac6dfd34de3893aaeef07b816?s=96&d=mm&r=g\",\"caption\":\"OPI BN\"},\"sameAs\":[\"http:\\\/\\\/www.opibn.it\"],\"url\":\"https:\\\/\\\/www.opibn.it\\\/web\\\/author\\\/opibenevento\\\/\"}]}<\/script>\n<!-- \/ Yoast SEO plugin. -->","yoast_head_json":{"title":"OPI Benevento | Ordine delle Professioni Infermieristiche - Quota Associativa 2016","description":"%","robots":{"index":"index","follow":"follow","max-snippet":"max-snippet:-1","max-image-preview":"max-image-preview:large","max-video-preview":"max-video-preview:-1"},"canonical":"https:\/\/www.opibn.it\/web\/news\/quota-associativa-2016\/","og_locale":"it_IT","og_type":"article","og_title":"OPI Benevento | Ordine delle Professioni Infermieristiche - Quota Associativa 2016","og_description":"%","og_url":"https:\/\/www.opibn.it\/web\/news\/quota-associativa-2016\/","og_site_name":"OPI Benevento | Ordine delle Professioni Infermieristiche","article_publisher":"https:\/\/www.facebook.com\/ipasvibenevento","article_published_time":"2016-03-04T16:44:07+00:00","article_modified_time":"2018-09-17T15:18:43+00:00","author":"OPI BN","twitter_card":"summary_large_image","twitter_misc":{"Scritto da":"OPI BN","Tempo di lettura stimato":"1 minuto"},"schema":{"@context":"https:\/\/schema.org","@graph":[{"@type":"Article","@id":"https:\/\/www.opibn.it\/web\/news\/quota-associativa-2016\/#article","isPartOf":{"@id":"https:\/\/www.opibn.it\/web\/news\/quota-associativa-2016\/"},"author":{"name":"OPI BN","@id":"https:\/\/www.opibn.it\/web\/#\/schema\/person\/5502c71f270145db3c88eaab767b01c1"},"headline":"Quota Associativa 2016","datePublished":"2016-03-04T16:44:07+00:00","dateModified":"2018-09-17T15:18:43+00:00","mainEntityOfPage":{"@id":"https:\/\/www.opibn.it\/web\/news\/quota-associativa-2016\/"},"wordCount":273,"publisher":{"@id":"https:\/\/www.opibn.it\/web\/#organization"},"articleSection":["News"],"inLanguage":"it-IT"},{"@type":"WebPage","@id":"https:\/\/www.opibn.it\/web\/news\/quota-associativa-2016\/","url":"https:\/\/www.opibn.it\/web\/news\/quota-associativa-2016\/","name":"OPI Benevento | Ordine delle Professioni Infermieristiche - Quota Associativa 2016","isPartOf":{"@id":"https:\/\/www.opibn.it\/web\/#website"},"datePublished":"2016-03-04T16:44:07+00:00","dateModified":"2018-09-17T15:18:43+00:00","description":"%","breadcrumb":{"@id":"https:\/\/www.opibn.it\/web\/news\/quota-associativa-2016\/#breadcrumb"},"inLanguage":"it-IT","potentialAction":[{"@type":"ReadAction","target":["https:\/\/www.opibn.it\/web\/news\/quota-associativa-2016\/"]}]},{"@type":"BreadcrumbList","@id":"https:\/\/www.opibn.it\/web\/news\/quota-associativa-2016\/#breadcrumb","itemListElement":[{"@type":"ListItem","position":1,"name":"Home","item":"https:\/\/www.opibn.it\/web\/"},{"@type":"ListItem","position":2,"name":"Quota Associativa 2016"}]},{"@type":"WebSite","@id":"https:\/\/www.opibn.it\/web\/#website","url":"https:\/\/www.opibn.it\/web\/","name":"OPI Benevento | Ordine delle Professioni Infermieristiche","description":"Ordine delle Professioni Infermieristiche di Benevento","publisher":{"@id":"https:\/\/www.opibn.it\/web\/#organization"},"potentialAction":[{"@type":"SearchAction","target":{"@type":"EntryPoint","urlTemplate":"https:\/\/www.opibn.it\/web\/?s={search_term_string}"},"query-input":{"@type":"PropertyValueSpecification","valueRequired":true,"valueName":"search_term_string"}}],"inLanguage":"it-IT"},{"@type":"Organization","@id":"https:\/\/www.opibn.it\/web\/#organization","name":"OPI Benevento","url":"https:\/\/www.opibn.it\/web\/","logo":{"@type":"ImageObject","inLanguage":"it-IT","@id":"https:\/\/www.opibn.it\/web\/#\/schema\/logo\/image\/","url":"https:\/\/www.opibn.it\/web\/wp-content\/uploads\/2018\/08\/opi-logo-quadrato.png","contentUrl":"https:\/\/www.opibn.it\/web\/wp-content\/uploads\/2018\/08\/opi-logo-quadrato.png","width":358,"height":358,"caption":"OPI Benevento"},"image":{"@id":"https:\/\/www.opibn.it\/web\/#\/schema\/logo\/image\/"},"sameAs":["https:\/\/www.facebook.com\/ipasvibenevento"]},{"@type":"Person","@id":"https:\/\/www.opibn.it\/web\/#\/schema\/person\/5502c71f270145db3c88eaab767b01c1","name":"OPI BN","image":{"@type":"ImageObject","inLanguage":"it-IT","@id":"https:\/\/secure.gravatar.com\/avatar\/87d735b700c0e22c6a17c6eb9638660c573676dac6dfd34de3893aaeef07b816?s=96&d=mm&r=g","url":"https:\/\/secure.gravatar.com\/avatar\/87d735b700c0e22c6a17c6eb9638660c573676dac6dfd34de3893aaeef07b816?s=96&d=mm&r=g","contentUrl":"https:\/\/secure.gravatar.com\/avatar\/87d735b700c0e22c6a17c6eb9638660c573676dac6dfd34de3893aaeef07b816?s=96&d=mm&r=g","caption":"OPI BN"},"sameAs":["http:\/\/www.opibn.it"],"url":"https:\/\/www.opibn.it\/web\/author\/opibenevento\/"}]}},"publishpress_future_action":{"enabled":false,"date":"2026-09-12 07:31:57","action":"change-status","newStatus":"draft","terms":[],"taxonomy":"category","extraData":[]},"publishpress_future_workflow_manual_trigger":{"enabledWorkflows":[]},"rttpg_featured_image_url":null,"rttpg_author":{"display_name":"OPI BN","author_link":"https:\/\/www.opibn.it\/web\/author\/opibenevento\/"},"rttpg_comment":0,"rttpg_category":"<a href=\"https:\/\/www.opibn.it\/web\/category\/news\/\" rel=\"category tag\">News<\/a>","rttpg_excerpt":"Le inviamo, in allegato, il bollettino MAV modello TD247 con il quale Vorr\u00e0 procedere, entro e non oltre il 30 aprile 2016, al versamento della quota di iscrizione al Collegio per l&#8217;anno 2016 che \u00e8 pari ad \u20ac 70,00. A tal uopo, in ossequio a quanto stabilito dal Consiglio dei&hellip;","_links":{"self":[{"href":"https:\/\/www.opibn.it\/web\/wp-json\/wp\/v2\/posts\/106","targetHints":{"allow":["GET"]}}],"collection":[{"href":"https:\/\/www.opibn.it\/web\/wp-json\/wp\/v2\/posts"}],"about":[{"href":"https:\/\/www.opibn.it\/web\/wp-json\/wp\/v2\/types\/post"}],"author":[{"embeddable":true,"href":"https:\/\/www.opibn.it\/web\/wp-json\/wp\/v2\/users\/107"}],"replies":[{"embeddable":true,"href":"https:\/\/www.opibn.it\/web\/wp-json\/wp\/v2\/comments?post=106"}],"version-history":[{"count":2,"href":"https:\/\/www.opibn.it\/web\/wp-json\/wp\/v2\/posts\/106\/revisions"}],"predecessor-version":[{"id":108,"href":"https:\/\/www.opibn.it\/web\/wp-json\/wp\/v2\/posts\/106\/revisions\/108"}],"wp:attachment":[{"href":"https:\/\/www.opibn.it\/web\/wp-json\/wp\/v2\/media?parent=106"}],"wp:term":[{"taxonomy":"category","embeddable":true,"href":"https:\/\/www.opibn.it\/web\/wp-json\/wp\/v2\/categories?post=106"},{"taxonomy":"post_tag","embeddable":true,"href":"https:\/\/www.opibn.it\/web\/wp-json\/wp\/v2\/tags?post=106"}],"curies":[{"name":"wp","href":"https:\/\/api.w.org\/{rel}","templated":true}]}}