{"id":3335,"date":"2020-03-27T11:35:23","date_gmt":"2020-03-27T09:35:23","guid":{"rendered":"https:\/\/www.opibn.it\/web\/?p=3335"},"modified":"2020-03-27T11:35:23","modified_gmt":"2020-03-27T09:35:23","slug":"covid-19-500-infermieri-per-le-zone-piu-colpite","status":"publish","type":"post","link":"https:\/\/www.opibn.it\/web\/news\/covid-19-500-infermieri-per-le-zone-piu-colpite\/","title":{"rendered":"CoViD-19: 500 infermieri per le zone pi\u00f9 colpite"},"content":{"rendered":"<p>[vc_row][vc_column][vc_empty_space height=&#8221;25px&#8221;][vc_column_text]<a href=\"http:\/\/www.protezionecivile.gov.it\/amministrazione-trasparente\/provvedimenti\/dettaglio\/-\/asset_publisher\/default\/content\/ocdpc-n-656-del-26-marzo-2020-ulteriori-interventi-urgenti-di-protezione-civile-in-relazione-all-emergenza-relativa-al-rischio-sanitario-connesso-all-\" target=\"_blank\" rel=\"noopener noreferrer\"><strong>Ordinanza della Protezione civile n. 656 del 26 marzo 2020<\/strong><\/a>: si costituisce una Unit\u00e0 infermieristica a supporto delle strutture sanitarie regionali pi\u00f9 colpite da COVID-19.<\/p>\n<p><strong>In sintesi, 500 infermieri volontari (selezionati in base alle esperienze professionali \u201critenute necessarie\u201d tra le domande che arriveranno entro le 20 del 28 marzo) faranno parte della task force \u201cInfermieri per COVID\u201d destinata dalla protezione civile alle Regioni pi\u00f9 colpite dal coronavirus. A questi infermieri, siano essi dipendenti del Ssn, di strutture anche non accreditate con questo o liberi professionisti, verranno corrisposti 200 euro al giorno oltre allo stipendio o al guadagno gi\u00e0 percepito e se non assicurati in modo specifico a questo ci penser\u00e0 la Protezione civile che gli rimborser\u00e0 anche le spese di viaggio.<\/strong><\/p>\n<p><strong>Per far parte della task force non serve l\u2019autorizzazione del servizio sanitario regionale di appartenenza, ma per i dipendenti l\u2019assenso della struttura da cui dipendono.<\/strong>[\/vc_column_text][vc_btn title=&#8221;Vai alla News&#8221; size=&#8221;lg&#8221; align=&#8221;left&#8221; i_icon_fontawesome=&#8221;fa fa-share-square-o&#8221; add_icon=&#8221;true&#8221; link=&#8221;url:https%3A%2F%2Fwww.fnopi.it%2F2020%2F03%2F26%2Fcovid-19-unita-infermieristica-500-infermieri-compenso-200-euro-giorno%2F||target:%20_blank|&#8221;][\/vc_column][\/vc_row]<\/p>\n","protected":false},"excerpt":{"rendered":"<p>[vc_row][vc_column][vc_empty_space height=&#8221;25px&#8221;][vc_column_text]Ordinanza della Protezione civile n. 656 del 26 marzo 2020: si costituisce una Unit\u00e0 infermieristica a supporto delle strutture sanitarie regionali pi\u00f9 colpite da COVID-19. In sintesi, 500 infermieri volontari (selezionati in base alle esperienze professionali \u201critenute necessarie\u201d tra le domande che arriveranno entro le 20 del 28 marzo)&hellip; <\/p>\n","protected":false},"author":107,"featured_media":3336,"comment_status":"closed","ping_status":"open","sticky":false,"template":"","format":"standard","meta":{"_acf_changed":false,"footnotes":""},"categories":[1,49],"tags":[],"class_list":["post-3335","post","type-post","status-publish","format-standard","has-post-thumbnail","hentry","category-news","category-nuovo-coronavirus"],"acf":[],"yoast_head":"<!-- This site is optimized with the Yoast SEO plugin v28.2 - https:\/\/yoast.com\/product\/yoast-seo-wordpress\/ -->\n<title>OPI Benevento | Ordine delle Professioni Infermieristiche - CoViD-19: 500 infermieri per le zone pi\u00f9 colpite<\/title>\n<meta name=\"description\" content=\"%\" \/>\n<meta name=\"robots\" content=\"index, follow, max-snippet:-1, max-image-preview:large, max-video-preview:-1\" \/>\n<link rel=\"canonical\" href=\"https:\/\/www.opibn.it\/web\/news\/covid-19-500-infermieri-per-le-zone-piu-colpite\/\" \/>\n<meta property=\"og:locale\" content=\"it_IT\" \/>\n<meta property=\"og:type\" content=\"article\" \/>\n<meta property=\"og:title\" content=\"OPI Benevento | Ordine delle Professioni Infermieristiche - CoViD-19: 500 infermieri per le zone pi\u00f9 colpite\" \/>\n<meta property=\"og:description\" content=\"%\" \/>\n<meta property=\"og:url\" content=\"https:\/\/www.opibn.it\/web\/news\/covid-19-500-infermieri-per-le-zone-piu-colpite\/\" \/>\n<meta property=\"og:site_name\" content=\"OPI Benevento | Ordine delle Professioni Infermieristiche\" \/>\n<meta property=\"article:publisher\" content=\"https:\/\/www.facebook.com\/ipasvibenevento\" \/>\n<meta property=\"article:published_time\" content=\"2020-03-27T09:35:23+00:00\" \/>\n<meta property=\"og:image\" content=\"https:\/\/www.opibn.it\/web\/wp-content\/uploads\/2020\/03\/opibn-coronavirus-covid-dpi.jpeg\" \/>\n\t<meta property=\"og:image:width\" content=\"1170\" \/>\n\t<meta property=\"og:image:height\" content=\"687\" \/>\n\t<meta property=\"og:image:type\" content=\"image\/jpeg\" \/>\n<meta name=\"author\" content=\"OPI BN\" \/>\n<meta name=\"twitter:card\" content=\"summary_large_image\" \/>\n<meta name=\"twitter:label1\" content=\"Scritto da\" \/>\n\t<meta name=\"twitter:data1\" content=\"OPI BN\" \/>\n\t<meta name=\"twitter:label2\" content=\"Tempo di lettura stimato\" \/>\n\t<meta name=\"twitter:data2\" content=\"1 minuto\" \/>\n<script type=\"application\/ld+json\" class=\"yoast-schema-graph\">{\"@context\":\"https:\\\/\\\/schema.org\",\"@graph\":[{\"@type\":\"Article\",\"@id\":\"https:\\\/\\\/www.opibn.it\\\/web\\\/news\\\/covid-19-500-infermieri-per-le-zone-piu-colpite\\\/#article\",\"isPartOf\":{\"@id\":\"https:\\\/\\\/www.opibn.it\\\/web\\\/news\\\/covid-19-500-infermieri-per-le-zone-piu-colpite\\\/\"},\"author\":{\"name\":\"OPI BN\",\"@id\":\"https:\\\/\\\/www.opibn.it\\\/web\\\/#\\\/schema\\\/person\\\/5502c71f270145db3c88eaab767b01c1\"},\"headline\":\"CoViD-19: 500 infermieri per le zone pi\u00f9 colpite\",\"datePublished\":\"2020-03-27T09:35:23+00:00\",\"mainEntityOfPage\":{\"@id\":\"https:\\\/\\\/www.opibn.it\\\/web\\\/news\\\/covid-19-500-infermieri-per-le-zone-piu-colpite\\\/\"},\"wordCount\":203,\"publisher\":{\"@id\":\"https:\\\/\\\/www.opibn.it\\\/web\\\/#organization\"},\"image\":{\"@id\":\"https:\\\/\\\/www.opibn.it\\\/web\\\/news\\\/covid-19-500-infermieri-per-le-zone-piu-colpite\\\/#primaryimage\"},\"thumbnailUrl\":\"https:\\\/\\\/www.opibn.it\\\/web\\\/wp-content\\\/uploads\\\/2020\\\/03\\\/opibn-coronavirus-covid-dpi.jpeg\",\"articleSection\":[\"News\",\"Nuovo Coronavirus\"],\"inLanguage\":\"it-IT\"},{\"@type\":\"WebPage\",\"@id\":\"https:\\\/\\\/www.opibn.it\\\/web\\\/news\\\/covid-19-500-infermieri-per-le-zone-piu-colpite\\\/\",\"url\":\"https:\\\/\\\/www.opibn.it\\\/web\\\/news\\\/covid-19-500-infermieri-per-le-zone-piu-colpite\\\/\",\"name\":\"OPI Benevento | Ordine delle Professioni Infermieristiche - CoViD-19: 500 infermieri per le zone pi\u00f9 colpite\",\"isPartOf\":{\"@id\":\"https:\\\/\\\/www.opibn.it\\\/web\\\/#website\"},\"primaryImageOfPage\":{\"@id\":\"https:\\\/\\\/www.opibn.it\\\/web\\\/news\\\/covid-19-500-infermieri-per-le-zone-piu-colpite\\\/#primaryimage\"},\"image\":{\"@id\":\"https:\\\/\\\/www.opibn.it\\\/web\\\/news\\\/covid-19-500-infermieri-per-le-zone-piu-colpite\\\/#primaryimage\"},\"thumbnailUrl\":\"https:\\\/\\\/www.opibn.it\\\/web\\\/wp-content\\\/uploads\\\/2020\\\/03\\\/opibn-coronavirus-covid-dpi.jpeg\",\"datePublished\":\"2020-03-27T09:35:23+00:00\",\"description\":\"%\",\"breadcrumb\":{\"@id\":\"https:\\\/\\\/www.opibn.it\\\/web\\\/news\\\/covid-19-500-infermieri-per-le-zone-piu-colpite\\\/#breadcrumb\"},\"inLanguage\":\"it-IT\",\"potentialAction\":[{\"@type\":\"ReadAction\",\"target\":[\"https:\\\/\\\/www.opibn.it\\\/web\\\/news\\\/covid-19-500-infermieri-per-le-zone-piu-colpite\\\/\"]}]},{\"@type\":\"ImageObject\",\"inLanguage\":\"it-IT\",\"@id\":\"https:\\\/\\\/www.opibn.it\\\/web\\\/news\\\/covid-19-500-infermieri-per-le-zone-piu-colpite\\\/#primaryimage\",\"url\":\"https:\\\/\\\/www.opibn.it\\\/web\\\/wp-content\\\/uploads\\\/2020\\\/03\\\/opibn-coronavirus-covid-dpi.jpeg\",\"contentUrl\":\"https:\\\/\\\/www.opibn.it\\\/web\\\/wp-content\\\/uploads\\\/2020\\\/03\\\/opibn-coronavirus-covid-dpi.jpeg\",\"width\":1170,\"height\":687},{\"@type\":\"BreadcrumbList\",\"@id\":\"https:\\\/\\\/www.opibn.it\\\/web\\\/news\\\/covid-19-500-infermieri-per-le-zone-piu-colpite\\\/#breadcrumb\",\"itemListElement\":[{\"@type\":\"ListItem\",\"position\":1,\"name\":\"Home\",\"item\":\"https:\\\/\\\/www.opibn.it\\\/web\\\/\"},{\"@type\":\"ListItem\",\"position\":2,\"name\":\"CoViD-19: 500 infermieri per le zone pi\u00f9 colpite\"}]},{\"@type\":\"WebSite\",\"@id\":\"https:\\\/\\\/www.opibn.it\\\/web\\\/#website\",\"url\":\"https:\\\/\\\/www.opibn.it\\\/web\\\/\",\"name\":\"OPI Benevento | Ordine delle Professioni Infermieristiche\",\"description\":\"Ordine delle Professioni Infermieristiche di Benevento\",\"publisher\":{\"@id\":\"https:\\\/\\\/www.opibn.it\\\/web\\\/#organization\"},\"potentialAction\":[{\"@type\":\"SearchAction\",\"target\":{\"@type\":\"EntryPoint\",\"urlTemplate\":\"https:\\\/\\\/www.opibn.it\\\/web\\\/?s={search_term_string}\"},\"query-input\":{\"@type\":\"PropertyValueSpecification\",\"valueRequired\":true,\"valueName\":\"search_term_string\"}}],\"inLanguage\":\"it-IT\"},{\"@type\":\"Organization\",\"@id\":\"https:\\\/\\\/www.opibn.it\\\/web\\\/#organization\",\"name\":\"OPI Benevento\",\"url\":\"https:\\\/\\\/www.opibn.it\\\/web\\\/\",\"logo\":{\"@type\":\"ImageObject\",\"inLanguage\":\"it-IT\",\"@id\":\"https:\\\/\\\/www.opibn.it\\\/web\\\/#\\\/schema\\\/logo\\\/image\\\/\",\"url\":\"https:\\\/\\\/www.opibn.it\\\/web\\\/wp-content\\\/uploads\\\/2018\\\/08\\\/opi-logo-quadrato.png\",\"contentUrl\":\"https:\\\/\\\/www.opibn.it\\\/web\\\/wp-content\\\/uploads\\\/2018\\\/08\\\/opi-logo-quadrato.png\",\"width\":358,\"height\":358,\"caption\":\"OPI Benevento\"},\"image\":{\"@id\":\"https:\\\/\\\/www.opibn.it\\\/web\\\/#\\\/schema\\\/logo\\\/image\\\/\"},\"sameAs\":[\"https:\\\/\\\/www.facebook.com\\\/ipasvibenevento\"]},{\"@type\":\"Person\",\"@id\":\"https:\\\/\\\/www.opibn.it\\\/web\\\/#\\\/schema\\\/person\\\/5502c71f270145db3c88eaab767b01c1\",\"name\":\"OPI BN\",\"image\":{\"@type\":\"ImageObject\",\"inLanguage\":\"it-IT\",\"@id\":\"https:\\\/\\\/secure.gravatar.com\\\/avatar\\\/87d735b700c0e22c6a17c6eb9638660c573676dac6dfd34de3893aaeef07b816?s=96&d=mm&r=g\",\"url\":\"https:\\\/\\\/secure.gravatar.com\\\/avatar\\\/87d735b700c0e22c6a17c6eb9638660c573676dac6dfd34de3893aaeef07b816?s=96&d=mm&r=g\",\"contentUrl\":\"https:\\\/\\\/secure.gravatar.com\\\/avatar\\\/87d735b700c0e22c6a17c6eb9638660c573676dac6dfd34de3893aaeef07b816?s=96&d=mm&r=g\",\"caption\":\"OPI BN\"},\"sameAs\":[\"http:\\\/\\\/www.opibn.it\"],\"url\":\"https:\\\/\\\/www.opibn.it\\\/web\\\/author\\\/opibenevento\\\/\"}]}<\/script>\n<!-- \/ Yoast SEO plugin. -->","yoast_head_json":{"title":"OPI Benevento | Ordine delle Professioni Infermieristiche - CoViD-19: 500 infermieri per le zone pi\u00f9 colpite","description":"%","robots":{"index":"index","follow":"follow","max-snippet":"max-snippet:-1","max-image-preview":"max-image-preview:large","max-video-preview":"max-video-preview:-1"},"canonical":"https:\/\/www.opibn.it\/web\/news\/covid-19-500-infermieri-per-le-zone-piu-colpite\/","og_locale":"it_IT","og_type":"article","og_title":"OPI Benevento | Ordine delle Professioni Infermieristiche - CoViD-19: 500 infermieri per le zone pi\u00f9 colpite","og_description":"%","og_url":"https:\/\/www.opibn.it\/web\/news\/covid-19-500-infermieri-per-le-zone-piu-colpite\/","og_site_name":"OPI Benevento | Ordine delle Professioni Infermieristiche","article_publisher":"https:\/\/www.facebook.com\/ipasvibenevento","article_published_time":"2020-03-27T09:35:23+00:00","og_image":[{"width":1170,"height":687,"url":"https:\/\/www.opibn.it\/web\/wp-content\/uploads\/2020\/03\/opibn-coronavirus-covid-dpi.jpeg","type":"image\/jpeg"}],"author":"OPI BN","twitter_card":"summary_large_image","twitter_misc":{"Scritto da":"OPI BN","Tempo di lettura stimato":"1 minuto"},"schema":{"@context":"https:\/\/schema.org","@graph":[{"@type":"Article","@id":"https:\/\/www.opibn.it\/web\/news\/covid-19-500-infermieri-per-le-zone-piu-colpite\/#article","isPartOf":{"@id":"https:\/\/www.opibn.it\/web\/news\/covid-19-500-infermieri-per-le-zone-piu-colpite\/"},"author":{"name":"OPI BN","@id":"https:\/\/www.opibn.it\/web\/#\/schema\/person\/5502c71f270145db3c88eaab767b01c1"},"headline":"CoViD-19: 500 infermieri per le zone pi\u00f9 colpite","datePublished":"2020-03-27T09:35:23+00:00","mainEntityOfPage":{"@id":"https:\/\/www.opibn.it\/web\/news\/covid-19-500-infermieri-per-le-zone-piu-colpite\/"},"wordCount":203,"publisher":{"@id":"https:\/\/www.opibn.it\/web\/#organization"},"image":{"@id":"https:\/\/www.opibn.it\/web\/news\/covid-19-500-infermieri-per-le-zone-piu-colpite\/#primaryimage"},"thumbnailUrl":"https:\/\/www.opibn.it\/web\/wp-content\/uploads\/2020\/03\/opibn-coronavirus-covid-dpi.jpeg","articleSection":["News","Nuovo Coronavirus"],"inLanguage":"it-IT"},{"@type":"WebPage","@id":"https:\/\/www.opibn.it\/web\/news\/covid-19-500-infermieri-per-le-zone-piu-colpite\/","url":"https:\/\/www.opibn.it\/web\/news\/covid-19-500-infermieri-per-le-zone-piu-colpite\/","name":"OPI Benevento | Ordine delle Professioni Infermieristiche - CoViD-19: 500 infermieri per le zone pi\u00f9 colpite","isPartOf":{"@id":"https:\/\/www.opibn.it\/web\/#website"},"primaryImageOfPage":{"@id":"https:\/\/www.opibn.it\/web\/news\/covid-19-500-infermieri-per-le-zone-piu-colpite\/#primaryimage"},"image":{"@id":"https:\/\/www.opibn.it\/web\/news\/covid-19-500-infermieri-per-le-zone-piu-colpite\/#primaryimage"},"thumbnailUrl":"https:\/\/www.opibn.it\/web\/wp-content\/uploads\/2020\/03\/opibn-coronavirus-covid-dpi.jpeg","datePublished":"2020-03-27T09:35:23+00:00","description":"%","breadcrumb":{"@id":"https:\/\/www.opibn.it\/web\/news\/covid-19-500-infermieri-per-le-zone-piu-colpite\/#breadcrumb"},"inLanguage":"it-IT","potentialAction":[{"@type":"ReadAction","target":["https:\/\/www.opibn.it\/web\/news\/covid-19-500-infermieri-per-le-zone-piu-colpite\/"]}]},{"@type":"ImageObject","inLanguage":"it-IT","@id":"https:\/\/www.opibn.it\/web\/news\/covid-19-500-infermieri-per-le-zone-piu-colpite\/#primaryimage","url":"https:\/\/www.opibn.it\/web\/wp-content\/uploads\/2020\/03\/opibn-coronavirus-covid-dpi.jpeg","contentUrl":"https:\/\/www.opibn.it\/web\/wp-content\/uploads\/2020\/03\/opibn-coronavirus-covid-dpi.jpeg","width":1170,"height":687},{"@type":"BreadcrumbList","@id":"https:\/\/www.opibn.it\/web\/news\/covid-19-500-infermieri-per-le-zone-piu-colpite\/#breadcrumb","itemListElement":[{"@type":"ListItem","position":1,"name":"Home","item":"https:\/\/www.opibn.it\/web\/"},{"@type":"ListItem","position":2,"name":"CoViD-19: 500 infermieri per le zone pi\u00f9 colpite"}]},{"@type":"WebSite","@id":"https:\/\/www.opibn.it\/web\/#website","url":"https:\/\/www.opibn.it\/web\/","name":"OPI Benevento | Ordine delle Professioni Infermieristiche","description":"Ordine delle Professioni Infermieristiche di Benevento","publisher":{"@id":"https:\/\/www.opibn.it\/web\/#organization"},"potentialAction":[{"@type":"SearchAction","target":{"@type":"EntryPoint","urlTemplate":"https:\/\/www.opibn.it\/web\/?s={search_term_string}"},"query-input":{"@type":"PropertyValueSpecification","valueRequired":true,"valueName":"search_term_string"}}],"inLanguage":"it-IT"},{"@type":"Organization","@id":"https:\/\/www.opibn.it\/web\/#organization","name":"OPI Benevento","url":"https:\/\/www.opibn.it\/web\/","logo":{"@type":"ImageObject","inLanguage":"it-IT","@id":"https:\/\/www.opibn.it\/web\/#\/schema\/logo\/image\/","url":"https:\/\/www.opibn.it\/web\/wp-content\/uploads\/2018\/08\/opi-logo-quadrato.png","contentUrl":"https:\/\/www.opibn.it\/web\/wp-content\/uploads\/2018\/08\/opi-logo-quadrato.png","width":358,"height":358,"caption":"OPI Benevento"},"image":{"@id":"https:\/\/www.opibn.it\/web\/#\/schema\/logo\/image\/"},"sameAs":["https:\/\/www.facebook.com\/ipasvibenevento"]},{"@type":"Person","@id":"https:\/\/www.opibn.it\/web\/#\/schema\/person\/5502c71f270145db3c88eaab767b01c1","name":"OPI BN","image":{"@type":"ImageObject","inLanguage":"it-IT","@id":"https:\/\/secure.gravatar.com\/avatar\/87d735b700c0e22c6a17c6eb9638660c573676dac6dfd34de3893aaeef07b816?s=96&d=mm&r=g","url":"https:\/\/secure.gravatar.com\/avatar\/87d735b700c0e22c6a17c6eb9638660c573676dac6dfd34de3893aaeef07b816?s=96&d=mm&r=g","contentUrl":"https:\/\/secure.gravatar.com\/avatar\/87d735b700c0e22c6a17c6eb9638660c573676dac6dfd34de3893aaeef07b816?s=96&d=mm&r=g","caption":"OPI BN"},"sameAs":["http:\/\/www.opibn.it"],"url":"https:\/\/www.opibn.it\/web\/author\/opibenevento\/"}]}},"publishpress_future_action":{"enabled":false,"date":"2026-09-12 08:34:41","action":"change-status","newStatus":"draft","terms":[],"taxonomy":"category","extraData":[]},"publishpress_future_workflow_manual_trigger":{"enabledWorkflows":[]},"rttpg_featured_image_url":{"full":["https:\/\/www.opibn.it\/web\/wp-content\/uploads\/2020\/03\/opibn-coronavirus-covid-dpi.jpeg",1170,687,false],"landscape":["https:\/\/www.opibn.it\/web\/wp-content\/uploads\/2020\/03\/opibn-coronavirus-covid-dpi.jpeg",1170,687,false],"portraits":["https:\/\/www.opibn.it\/web\/wp-content\/uploads\/2020\/03\/opibn-coronavirus-covid-dpi.jpeg",1170,687,false],"thumbnail":["https:\/\/www.opibn.it\/web\/wp-content\/uploads\/2020\/03\/opibn-coronavirus-covid-dpi-150x150.jpeg",150,150,true],"medium":["https:\/\/www.opibn.it\/web\/wp-content\/uploads\/2020\/03\/opibn-coronavirus-covid-dpi-300x176.jpeg",300,176,true],"large":["https:\/\/www.opibn.it\/web\/wp-content\/uploads\/2020\/03\/opibn-coronavirus-covid-dpi-1024x601.jpeg",770,452,true],"1536x1536":["https:\/\/www.opibn.it\/web\/wp-content\/uploads\/2020\/03\/opibn-coronavirus-covid-dpi.jpeg",1170,687,false],"2048x2048":["https:\/\/www.opibn.it\/web\/wp-content\/uploads\/2020\/03\/opibn-coronavirus-covid-dpi.jpeg",1170,687,false],"ambition-featured-large":["https:\/\/www.opibn.it\/web\/wp-content\/uploads\/2020\/03\/opibn-coronavirus-covid-dpi-1170x650.jpeg",1170,650,true],"ambition-recent-work":["https:\/\/www.opibn.it\/web\/wp-content\/uploads\/2020\/03\/opibn-coronavirus-covid-dpi-670x420.jpeg",670,420,true],"ambition-icon":["https:\/\/www.opibn.it\/web\/wp-content\/uploads\/2020\/03\/opibn-coronavirus-covid-dpi-210x210.jpeg",210,210,true],"woocommerce_thumbnail":["https:\/\/www.opibn.it\/web\/wp-content\/uploads\/2020\/03\/opibn-coronavirus-covid-dpi-300x300.jpeg",300,300,true],"woocommerce_single":["https:\/\/www.opibn.it\/web\/wp-content\/uploads\/2020\/03\/opibn-coronavirus-covid-dpi-600x352.jpeg",600,352,true],"woocommerce_gallery_thumbnail":["https:\/\/www.opibn.it\/web\/wp-content\/uploads\/2020\/03\/opibn-coronavirus-covid-dpi-100x100.jpeg",100,100,true]},"rttpg_author":{"display_name":"OPI BN","author_link":"https:\/\/www.opibn.it\/web\/author\/opibenevento\/"},"rttpg_comment":0,"rttpg_category":"<a href=\"https:\/\/www.opibn.it\/web\/category\/news\/\" rel=\"category tag\">News<\/a> <a href=\"https:\/\/www.opibn.it\/web\/category\/news\/nuovo-coronavirus\/\" rel=\"category tag\">Nuovo Coronavirus<\/a>","rttpg_excerpt":"[vc_row][vc_column][vc_empty_space height=&#8221;25px&#8221;][vc_column_text]Ordinanza della Protezione civile n. 656 del 26 marzo 2020: si costituisce una Unit\u00e0 infermieristica a supporto delle strutture sanitarie regionali pi\u00f9 colpite da COVID-19. In sintesi, 500 infermieri volontari (selezionati in base alle esperienze professionali \u201critenute necessarie\u201d tra le domande che arriveranno entro le 20 del 28 marzo)&hellip;","_links":{"self":[{"href":"https:\/\/www.opibn.it\/web\/wp-json\/wp\/v2\/posts\/3335","targetHints":{"allow":["GET"]}}],"collection":[{"href":"https:\/\/www.opibn.it\/web\/wp-json\/wp\/v2\/posts"}],"about":[{"href":"https:\/\/www.opibn.it\/web\/wp-json\/wp\/v2\/types\/post"}],"author":[{"embeddable":true,"href":"https:\/\/www.opibn.it\/web\/wp-json\/wp\/v2\/users\/107"}],"replies":[{"embeddable":true,"href":"https:\/\/www.opibn.it\/web\/wp-json\/wp\/v2\/comments?post=3335"}],"version-history":[{"count":1,"href":"https:\/\/www.opibn.it\/web\/wp-json\/wp\/v2\/posts\/3335\/revisions"}],"predecessor-version":[{"id":3337,"href":"https:\/\/www.opibn.it\/web\/wp-json\/wp\/v2\/posts\/3335\/revisions\/3337"}],"wp:featuredmedia":[{"embeddable":true,"href":"https:\/\/www.opibn.it\/web\/wp-json\/wp\/v2\/media\/3336"}],"wp:attachment":[{"href":"https:\/\/www.opibn.it\/web\/wp-json\/wp\/v2\/media?parent=3335"}],"wp:term":[{"taxonomy":"category","embeddable":true,"href":"https:\/\/www.opibn.it\/web\/wp-json\/wp\/v2\/categories?post=3335"},{"taxonomy":"post_tag","embeddable":true,"href":"https:\/\/www.opibn.it\/web\/wp-json\/wp\/v2\/tags?post=3335"}],"curies":[{"name":"wp","href":"https:\/\/api.w.org\/{rel}","templated":true}]}}