{"id":550,"date":"2017-03-07T20:14:00","date_gmt":"2017-03-07T18:14:00","guid":{"rendered":"http:\/\/www.ipasvibn.it\/web\/?p=550"},"modified":"2018-09-17T17:18:43","modified_gmt":"2018-09-17T15:18:43","slug":"selezione-infermieri-in-germania","status":"publish","type":"post","link":"https:\/\/www.opibn.it\/web\/news\/selezione-infermieri-in-germania\/","title":{"rendered":"Selezione Infermieri in Germania"},"content":{"rendered":"<hr \/>\n<p><strong>La selezione si terr\u00e0 il 22 Marzo 2017 alle ore 9.00, presso il Centro per l&#8217;Impiego di Benevento, via XXV Luglio n.14<\/strong><\/p>\n<hr \/>\n<p>Il servizio di collocamento internazionale della <strong>Germania del Nord<\/strong> in collaborazione con il servizio EURES della provincia di <strong>Benevento<\/strong> vorrebbe attirare la vostra attenzione sulla seguente occasione di lavoro all&#8217;estero.<\/p>\n<p>Alcuni <strong>ospedali<\/strong> situati nella Germania del Nord, tra cui l&#8217;<em>Evangelisches Amalie Sieveking Krankenhaus<\/em> di Amburgo, <strong>cercano infermieri professionisti<\/strong> per le parti di <strong>terapia intensiva<\/strong>, <strong>medicina interna<\/strong>, <strong>geriatria<\/strong>, <strong>chirurgia<\/strong> e <strong>tanti altri<\/strong>.<br \/>\nI suddetti datori di lavoro offrono un servizio speciale gratuito per i nuovi collaboratori proveniente dall&#8217;estero, realizzato da\u00a0<em>Holalemanial GmbH<\/em>, un&#8217;azienda di intermediazione che vanta una forte esperienza nel reclutamento internazionale di personale da impiegare nel settore sanitario.<\/p>\n<p>Avete la possibilit\u00e0 di imparare il tedesco come seconda lingua e inoltre di vivere ad Amburgo che, secondo una graduatoria universale, \u00e8 una delle citt\u00e0 con la qualit\u00e0 di vita pi\u00f9 alta del mondo! Quindi coloro che vogliono immergersi in questa nuova ed emozionanti avventura di vivere e lavorare all&#8217;estero, possono farlo qui!<\/p>\n<p>&nbsp;<\/p>\n<h4>L&#8217;offerta nel dettaglio<\/h4>\n<ul>\n<li>Tutor e responsabili di reparto a disposizione per garantire un inserimento di lavoro pi\u00f9 confortevole<\/li>\n<li>Ancora in Italia: corso di lingua tedesca fino al livello B2, utile al riconoscimento del titolo di studio in Germania<\/li>\n<li>Contratto a due anni o a tempo indeterminato<\/li>\n<li>Stipendio lordo a partire da circa 2.400 \u20ac lordi. Notti, giorni festivi, fine settimana pagati a parte<\/li>\n<li>Assistenza in lingua madre per tutto ci\u00f2 che riguarda le pratiche burocratiche e amministrative (riconoscimento della qualifica, ricerca di alloggio, l&#8217;inserimento del nuovo ambiente\u2026)<\/li>\n<\/ul>\n<p>&nbsp;<\/p>\n<h4>Requisiti richiesti<\/h4>\n<ul>\n<li>Titolo di laurea in scienze infermieristiche ottenuto in\u00a0un paese dell&#8217;Unione Europea<\/li>\n<li>Nessuna conoscenza della lingua tedesca, ma semplicemente il desiderio di impararla<\/li>\n<li>Voglia di mettersi in gioco e di affrontare un trasferimento a lungo termine in Germania<\/li>\n<\/ul>\n<p>Il processo di candidatura prevede una preselezione dei CV\u00a0e a seguire, colloqui di selezione a Benevento.<\/p>\n<p>&nbsp;<\/p>\n<h4>Siete interessati?<\/h4>\n<p>Aspettiamo la vostra candidatura con Curriculum Vitae.<\/p>\n<p>&nbsp;<\/p>\n<h4>Per informazioni<\/h4>\n<p><strong>Centro per l&#8217;Impiego di Benevento via XXV\u00a0luglio, 14<\/strong><br \/>\nRosalba Sorice: rosalba.sorice@provincia.benevento.it &#8211; tel. 0824 774708<br \/>\nAnnamaria Cusani: annamaria.cusani@provincia.benevento.it &#8211; tel. 0824 774693<\/p>\n<p><strong>Collegio IPASVI\u00a0Benevento<\/strong><br \/>\nwww.ipasvibn.it<br \/>\ncell. 339 7771843 &#8211; tel. 0824 310911 &#8211; fax 0824 359980<br \/>\ninfo@ipsavibn.it<\/p>\n<p>&nbsp;<\/p>\n<h4>Download<\/h4>\n<ul>\n<li>Scarica <a href=\"http:\/\/www.ipasvibn.it\/web\/wp-content\/uploads\/2017\/03\/PROGRAMMA-SELEZIONI-22-MARZO-2017.docx\" target=\"_blank\">Programma Selezioni 22 Marzo 2017<\/a><\/li>\n<li>Scarica <a href=\"http:\/\/www.ipasvibn.it\/web\/wp-content\/uploads\/2017\/03\/locandinaA3_germania-01.jpg\" target=\"_blank\">Locandina<\/a><\/li>\n<\/ul>\n<p>&nbsp;<\/p>\n","protected":false},"excerpt":{"rendered":"<p>La selezione si terr\u00e0 il 22 Marzo 2017 alle ore 9.00, presso il Centro per l&#8217;Impiego di Benevento, via XXV Luglio n.14 Il servizio di collocamento internazionale della Germania del Nord in collaborazione con il servizio EURES della provincia di Benevento vorrebbe attirare la vostra attenzione sulla seguente occasione di&hellip; <\/p>\n","protected":false},"author":107,"featured_media":561,"comment_status":"closed","ping_status":"open","sticky":false,"template":"","format":"standard","meta":{"_acf_changed":false,"footnotes":""},"categories":[1],"tags":[],"class_list":["post-550","post","type-post","status-publish","format-standard","has-post-thumbnail","hentry","category-news"],"acf":[],"yoast_head":"<!-- This site is optimized with the Yoast SEO plugin v28.2 - https:\/\/yoast.com\/product\/yoast-seo-wordpress\/ -->\n<title>OPI Benevento | Ordine delle Professioni Infermieristiche - Selezione Infermieri in Germania<\/title>\n<meta name=\"description\" content=\"La selezione per Infermieri da collocare in Germania si terr\u00e0 il 22 Marzo 2017 alle ore 9.00, presso il Centro per l&#039;Impiego di Benevento\" \/>\n<meta name=\"robots\" content=\"index, follow, max-snippet:-1, max-image-preview:large, max-video-preview:-1\" \/>\n<link rel=\"canonical\" href=\"https:\/\/www.opibn.it\/web\/news\/selezione-infermieri-in-germania\/\" \/>\n<meta property=\"og:locale\" content=\"it_IT\" \/>\n<meta property=\"og:type\" content=\"article\" \/>\n<meta property=\"og:title\" content=\"OPI Benevento | Ordine delle Professioni Infermieristiche - Selezione Infermieri in Germania\" \/>\n<meta property=\"og:description\" content=\"La selezione per Infermieri da collocare in Germania si terr\u00e0 il 22 Marzo 2017 alle ore 9.00, presso il Centro per l&#039;Impiego di Benevento\" \/>\n<meta property=\"og:url\" content=\"https:\/\/www.opibn.it\/web\/news\/selezione-infermieri-in-germania\/\" \/>\n<meta property=\"og:site_name\" content=\"OPI Benevento | Ordine delle Professioni Infermieristiche\" \/>\n<meta property=\"article:publisher\" content=\"https:\/\/www.facebook.com\/ipasvibenevento\" \/>\n<meta property=\"article:published_time\" content=\"2017-03-07T18:14:00+00:00\" \/>\n<meta property=\"article:modified_time\" content=\"2018-09-17T15:18:43+00:00\" \/>\n<meta property=\"og:image\" content=\"https:\/\/www.opibn.it\/web\/wp-content\/uploads\/2017\/03\/selezione-infermieri-germania-compressor.png\" \/>\n\t<meta property=\"og:image:width\" content=\"1165\" \/>\n\t<meta property=\"og:image:height\" content=\"806\" \/>\n\t<meta property=\"og:image:type\" content=\"image\/png\" \/>\n<meta name=\"author\" content=\"OPI BN\" \/>\n<meta name=\"twitter:card\" content=\"summary_large_image\" \/>\n<meta name=\"twitter:label1\" content=\"Scritto da\" \/>\n\t<meta name=\"twitter:data1\" content=\"OPI BN\" \/>\n\t<meta name=\"twitter:label2\" content=\"Tempo di lettura stimato\" \/>\n\t<meta name=\"twitter:data2\" content=\"2 minuti\" \/>\n<script type=\"application\/ld+json\" class=\"yoast-schema-graph\">{\"@context\":\"https:\\\/\\\/schema.org\",\"@graph\":[{\"@type\":\"Article\",\"@id\":\"https:\\\/\\\/www.opibn.it\\\/web\\\/news\\\/selezione-infermieri-in-germania\\\/#article\",\"isPartOf\":{\"@id\":\"https:\\\/\\\/www.opibn.it\\\/web\\\/news\\\/selezione-infermieri-in-germania\\\/\"},\"author\":{\"name\":\"OPI BN\",\"@id\":\"https:\\\/\\\/www.opibn.it\\\/web\\\/#\\\/schema\\\/person\\\/5502c71f270145db3c88eaab767b01c1\"},\"headline\":\"Selezione Infermieri in Germania\",\"datePublished\":\"2017-03-07T18:14:00+00:00\",\"dateModified\":\"2018-09-17T15:18:43+00:00\",\"mainEntityOfPage\":{\"@id\":\"https:\\\/\\\/www.opibn.it\\\/web\\\/news\\\/selezione-infermieri-in-germania\\\/\"},\"wordCount\":380,\"publisher\":{\"@id\":\"https:\\\/\\\/www.opibn.it\\\/web\\\/#organization\"},\"image\":{\"@id\":\"https:\\\/\\\/www.opibn.it\\\/web\\\/news\\\/selezione-infermieri-in-germania\\\/#primaryimage\"},\"thumbnailUrl\":\"https:\\\/\\\/www.opibn.it\\\/web\\\/wp-content\\\/uploads\\\/2017\\\/03\\\/selezione-infermieri-germania-compressor.png\",\"articleSection\":[\"News\"],\"inLanguage\":\"it-IT\"},{\"@type\":\"WebPage\",\"@id\":\"https:\\\/\\\/www.opibn.it\\\/web\\\/news\\\/selezione-infermieri-in-germania\\\/\",\"url\":\"https:\\\/\\\/www.opibn.it\\\/web\\\/news\\\/selezione-infermieri-in-germania\\\/\",\"name\":\"OPI Benevento | Ordine delle Professioni Infermieristiche - Selezione Infermieri in Germania\",\"isPartOf\":{\"@id\":\"https:\\\/\\\/www.opibn.it\\\/web\\\/#website\"},\"primaryImageOfPage\":{\"@id\":\"https:\\\/\\\/www.opibn.it\\\/web\\\/news\\\/selezione-infermieri-in-germania\\\/#primaryimage\"},\"image\":{\"@id\":\"https:\\\/\\\/www.opibn.it\\\/web\\\/news\\\/selezione-infermieri-in-germania\\\/#primaryimage\"},\"thumbnailUrl\":\"https:\\\/\\\/www.opibn.it\\\/web\\\/wp-content\\\/uploads\\\/2017\\\/03\\\/selezione-infermieri-germania-compressor.png\",\"datePublished\":\"2017-03-07T18:14:00+00:00\",\"dateModified\":\"2018-09-17T15:18:43+00:00\",\"description\":\"La selezione per Infermieri da collocare in Germania si terr\u00e0 il 22 Marzo 2017 alle ore 9.00, presso il Centro per l'Impiego di Benevento\",\"breadcrumb\":{\"@id\":\"https:\\\/\\\/www.opibn.it\\\/web\\\/news\\\/selezione-infermieri-in-germania\\\/#breadcrumb\"},\"inLanguage\":\"it-IT\",\"potentialAction\":[{\"@type\":\"ReadAction\",\"target\":[\"https:\\\/\\\/www.opibn.it\\\/web\\\/news\\\/selezione-infermieri-in-germania\\\/\"]}]},{\"@type\":\"ImageObject\",\"inLanguage\":\"it-IT\",\"@id\":\"https:\\\/\\\/www.opibn.it\\\/web\\\/news\\\/selezione-infermieri-in-germania\\\/#primaryimage\",\"url\":\"https:\\\/\\\/www.opibn.it\\\/web\\\/wp-content\\\/uploads\\\/2017\\\/03\\\/selezione-infermieri-germania-compressor.png\",\"contentUrl\":\"https:\\\/\\\/www.opibn.it\\\/web\\\/wp-content\\\/uploads\\\/2017\\\/03\\\/selezione-infermieri-germania-compressor.png\",\"width\":1165,\"height\":806},{\"@type\":\"BreadcrumbList\",\"@id\":\"https:\\\/\\\/www.opibn.it\\\/web\\\/news\\\/selezione-infermieri-in-germania\\\/#breadcrumb\",\"itemListElement\":[{\"@type\":\"ListItem\",\"position\":1,\"name\":\"Home\",\"item\":\"https:\\\/\\\/www.opibn.it\\\/web\\\/\"},{\"@type\":\"ListItem\",\"position\":2,\"name\":\"Selezione Infermieri in Germania\"}]},{\"@type\":\"WebSite\",\"@id\":\"https:\\\/\\\/www.opibn.it\\\/web\\\/#website\",\"url\":\"https:\\\/\\\/www.opibn.it\\\/web\\\/\",\"name\":\"OPI Benevento | Ordine delle Professioni Infermieristiche\",\"description\":\"Ordine delle Professioni Infermieristiche di Benevento\",\"publisher\":{\"@id\":\"https:\\\/\\\/www.opibn.it\\\/web\\\/#organization\"},\"potentialAction\":[{\"@type\":\"SearchAction\",\"target\":{\"@type\":\"EntryPoint\",\"urlTemplate\":\"https:\\\/\\\/www.opibn.it\\\/web\\\/?s={search_term_string}\"},\"query-input\":{\"@type\":\"PropertyValueSpecification\",\"valueRequired\":true,\"valueName\":\"search_term_string\"}}],\"inLanguage\":\"it-IT\"},{\"@type\":\"Organization\",\"@id\":\"https:\\\/\\\/www.opibn.it\\\/web\\\/#organization\",\"name\":\"OPI Benevento\",\"url\":\"https:\\\/\\\/www.opibn.it\\\/web\\\/\",\"logo\":{\"@type\":\"ImageObject\",\"inLanguage\":\"it-IT\",\"@id\":\"https:\\\/\\\/www.opibn.it\\\/web\\\/#\\\/schema\\\/logo\\\/image\\\/\",\"url\":\"https:\\\/\\\/www.opibn.it\\\/web\\\/wp-content\\\/uploads\\\/2018\\\/08\\\/opi-logo-quadrato.png\",\"contentUrl\":\"https:\\\/\\\/www.opibn.it\\\/web\\\/wp-content\\\/uploads\\\/2018\\\/08\\\/opi-logo-quadrato.png\",\"width\":358,\"height\":358,\"caption\":\"OPI Benevento\"},\"image\":{\"@id\":\"https:\\\/\\\/www.opibn.it\\\/web\\\/#\\\/schema\\\/logo\\\/image\\\/\"},\"sameAs\":[\"https:\\\/\\\/www.facebook.com\\\/ipasvibenevento\"]},{\"@type\":\"Person\",\"@id\":\"https:\\\/\\\/www.opibn.it\\\/web\\\/#\\\/schema\\\/person\\\/5502c71f270145db3c88eaab767b01c1\",\"name\":\"OPI BN\",\"image\":{\"@type\":\"ImageObject\",\"inLanguage\":\"it-IT\",\"@id\":\"https:\\\/\\\/secure.gravatar.com\\\/avatar\\\/87d735b700c0e22c6a17c6eb9638660c573676dac6dfd34de3893aaeef07b816?s=96&d=mm&r=g\",\"url\":\"https:\\\/\\\/secure.gravatar.com\\\/avatar\\\/87d735b700c0e22c6a17c6eb9638660c573676dac6dfd34de3893aaeef07b816?s=96&d=mm&r=g\",\"contentUrl\":\"https:\\\/\\\/secure.gravatar.com\\\/avatar\\\/87d735b700c0e22c6a17c6eb9638660c573676dac6dfd34de3893aaeef07b816?s=96&d=mm&r=g\",\"caption\":\"OPI BN\"},\"sameAs\":[\"http:\\\/\\\/www.opibn.it\"],\"url\":\"https:\\\/\\\/www.opibn.it\\\/web\\\/author\\\/opibenevento\\\/\"}]}<\/script>\n<!-- \/ Yoast SEO plugin. -->","yoast_head_json":{"title":"OPI Benevento | Ordine delle Professioni Infermieristiche - Selezione Infermieri in Germania","description":"La selezione per Infermieri da collocare in Germania si terr\u00e0 il 22 Marzo 2017 alle ore 9.00, presso il Centro per l'Impiego di Benevento","robots":{"index":"index","follow":"follow","max-snippet":"max-snippet:-1","max-image-preview":"max-image-preview:large","max-video-preview":"max-video-preview:-1"},"canonical":"https:\/\/www.opibn.it\/web\/news\/selezione-infermieri-in-germania\/","og_locale":"it_IT","og_type":"article","og_title":"OPI Benevento | Ordine delle Professioni Infermieristiche - Selezione Infermieri in Germania","og_description":"La selezione per Infermieri da collocare in Germania si terr\u00e0 il 22 Marzo 2017 alle ore 9.00, presso il Centro per l'Impiego di Benevento","og_url":"https:\/\/www.opibn.it\/web\/news\/selezione-infermieri-in-germania\/","og_site_name":"OPI Benevento | Ordine delle Professioni Infermieristiche","article_publisher":"https:\/\/www.facebook.com\/ipasvibenevento","article_published_time":"2017-03-07T18:14:00+00:00","article_modified_time":"2018-09-17T15:18:43+00:00","og_image":[{"width":1165,"height":806,"url":"https:\/\/www.opibn.it\/web\/wp-content\/uploads\/2017\/03\/selezione-infermieri-germania-compressor.png","type":"image\/png"}],"author":"OPI BN","twitter_card":"summary_large_image","twitter_misc":{"Scritto da":"OPI BN","Tempo di lettura stimato":"2 minuti"},"schema":{"@context":"https:\/\/schema.org","@graph":[{"@type":"Article","@id":"https:\/\/www.opibn.it\/web\/news\/selezione-infermieri-in-germania\/#article","isPartOf":{"@id":"https:\/\/www.opibn.it\/web\/news\/selezione-infermieri-in-germania\/"},"author":{"name":"OPI BN","@id":"https:\/\/www.opibn.it\/web\/#\/schema\/person\/5502c71f270145db3c88eaab767b01c1"},"headline":"Selezione Infermieri in Germania","datePublished":"2017-03-07T18:14:00+00:00","dateModified":"2018-09-17T15:18:43+00:00","mainEntityOfPage":{"@id":"https:\/\/www.opibn.it\/web\/news\/selezione-infermieri-in-germania\/"},"wordCount":380,"publisher":{"@id":"https:\/\/www.opibn.it\/web\/#organization"},"image":{"@id":"https:\/\/www.opibn.it\/web\/news\/selezione-infermieri-in-germania\/#primaryimage"},"thumbnailUrl":"https:\/\/www.opibn.it\/web\/wp-content\/uploads\/2017\/03\/selezione-infermieri-germania-compressor.png","articleSection":["News"],"inLanguage":"it-IT"},{"@type":"WebPage","@id":"https:\/\/www.opibn.it\/web\/news\/selezione-infermieri-in-germania\/","url":"https:\/\/www.opibn.it\/web\/news\/selezione-infermieri-in-germania\/","name":"OPI Benevento | Ordine delle Professioni Infermieristiche - Selezione Infermieri in Germania","isPartOf":{"@id":"https:\/\/www.opibn.it\/web\/#website"},"primaryImageOfPage":{"@id":"https:\/\/www.opibn.it\/web\/news\/selezione-infermieri-in-germania\/#primaryimage"},"image":{"@id":"https:\/\/www.opibn.it\/web\/news\/selezione-infermieri-in-germania\/#primaryimage"},"thumbnailUrl":"https:\/\/www.opibn.it\/web\/wp-content\/uploads\/2017\/03\/selezione-infermieri-germania-compressor.png","datePublished":"2017-03-07T18:14:00+00:00","dateModified":"2018-09-17T15:18:43+00:00","description":"La selezione per Infermieri da collocare in Germania si terr\u00e0 il 22 Marzo 2017 alle ore 9.00, presso il Centro per l'Impiego di Benevento","breadcrumb":{"@id":"https:\/\/www.opibn.it\/web\/news\/selezione-infermieri-in-germania\/#breadcrumb"},"inLanguage":"it-IT","potentialAction":[{"@type":"ReadAction","target":["https:\/\/www.opibn.it\/web\/news\/selezione-infermieri-in-germania\/"]}]},{"@type":"ImageObject","inLanguage":"it-IT","@id":"https:\/\/www.opibn.it\/web\/news\/selezione-infermieri-in-germania\/#primaryimage","url":"https:\/\/www.opibn.it\/web\/wp-content\/uploads\/2017\/03\/selezione-infermieri-germania-compressor.png","contentUrl":"https:\/\/www.opibn.it\/web\/wp-content\/uploads\/2017\/03\/selezione-infermieri-germania-compressor.png","width":1165,"height":806},{"@type":"BreadcrumbList","@id":"https:\/\/www.opibn.it\/web\/news\/selezione-infermieri-in-germania\/#breadcrumb","itemListElement":[{"@type":"ListItem","position":1,"name":"Home","item":"https:\/\/www.opibn.it\/web\/"},{"@type":"ListItem","position":2,"name":"Selezione Infermieri in Germania"}]},{"@type":"WebSite","@id":"https:\/\/www.opibn.it\/web\/#website","url":"https:\/\/www.opibn.it\/web\/","name":"OPI Benevento | Ordine delle Professioni Infermieristiche","description":"Ordine delle Professioni Infermieristiche di Benevento","publisher":{"@id":"https:\/\/www.opibn.it\/web\/#organization"},"potentialAction":[{"@type":"SearchAction","target":{"@type":"EntryPoint","urlTemplate":"https:\/\/www.opibn.it\/web\/?s={search_term_string}"},"query-input":{"@type":"PropertyValueSpecification","valueRequired":true,"valueName":"search_term_string"}}],"inLanguage":"it-IT"},{"@type":"Organization","@id":"https:\/\/www.opibn.it\/web\/#organization","name":"OPI Benevento","url":"https:\/\/www.opibn.it\/web\/","logo":{"@type":"ImageObject","inLanguage":"it-IT","@id":"https:\/\/www.opibn.it\/web\/#\/schema\/logo\/image\/","url":"https:\/\/www.opibn.it\/web\/wp-content\/uploads\/2018\/08\/opi-logo-quadrato.png","contentUrl":"https:\/\/www.opibn.it\/web\/wp-content\/uploads\/2018\/08\/opi-logo-quadrato.png","width":358,"height":358,"caption":"OPI Benevento"},"image":{"@id":"https:\/\/www.opibn.it\/web\/#\/schema\/logo\/image\/"},"sameAs":["https:\/\/www.facebook.com\/ipasvibenevento"]},{"@type":"Person","@id":"https:\/\/www.opibn.it\/web\/#\/schema\/person\/5502c71f270145db3c88eaab767b01c1","name":"OPI BN","image":{"@type":"ImageObject","inLanguage":"it-IT","@id":"https:\/\/secure.gravatar.com\/avatar\/87d735b700c0e22c6a17c6eb9638660c573676dac6dfd34de3893aaeef07b816?s=96&d=mm&r=g","url":"https:\/\/secure.gravatar.com\/avatar\/87d735b700c0e22c6a17c6eb9638660c573676dac6dfd34de3893aaeef07b816?s=96&d=mm&r=g","contentUrl":"https:\/\/secure.gravatar.com\/avatar\/87d735b700c0e22c6a17c6eb9638660c573676dac6dfd34de3893aaeef07b816?s=96&d=mm&r=g","caption":"OPI BN"},"sameAs":["http:\/\/www.opibn.it"],"url":"https:\/\/www.opibn.it\/web\/author\/opibenevento\/"}]}},"publishpress_future_action":{"enabled":false,"date":"2026-09-12 08:01:12","action":"change-status","newStatus":"draft","terms":[],"taxonomy":"category","extraData":[]},"publishpress_future_workflow_manual_trigger":{"enabledWorkflows":[]},"rttpg_featured_image_url":{"full":["https:\/\/www.opibn.it\/web\/wp-content\/uploads\/2017\/03\/selezione-infermieri-germania-compressor.png",1165,806,false],"landscape":["https:\/\/www.opibn.it\/web\/wp-content\/uploads\/2017\/03\/selezione-infermieri-germania-compressor.png",1165,806,false],"portraits":["https:\/\/www.opibn.it\/web\/wp-content\/uploads\/2017\/03\/selezione-infermieri-germania-compressor.png",1165,806,false],"thumbnail":["https:\/\/www.opibn.it\/web\/wp-content\/uploads\/2017\/03\/selezione-infermieri-germania-compressor-150x150.png",150,150,true],"medium":["https:\/\/www.opibn.it\/web\/wp-content\/uploads\/2017\/03\/selezione-infermieri-germania-compressor-300x208.png",300,208,true],"large":["https:\/\/www.opibn.it\/web\/wp-content\/uploads\/2017\/03\/selezione-infermieri-germania-compressor-1024x708.png",770,532,true],"1536x1536":["https:\/\/www.opibn.it\/web\/wp-content\/uploads\/2017\/03\/selezione-infermieri-germania-compressor.png",1165,806,false],"2048x2048":["https:\/\/www.opibn.it\/web\/wp-content\/uploads\/2017\/03\/selezione-infermieri-germania-compressor.png",1165,806,false],"ambition-featured-large":["https:\/\/www.opibn.it\/web\/wp-content\/uploads\/2017\/03\/selezione-infermieri-germania-compressor-1165x650.png",1165,650,true],"ambition-recent-work":["https:\/\/www.opibn.it\/web\/wp-content\/uploads\/2017\/03\/selezione-infermieri-germania-compressor-670x420.png",670,420,true],"ambition-icon":["https:\/\/www.opibn.it\/web\/wp-content\/uploads\/2017\/03\/selezione-infermieri-germania-compressor-210x210.png",210,210,true],"woocommerce_thumbnail":["https:\/\/www.opibn.it\/web\/wp-content\/uploads\/2017\/03\/selezione-infermieri-germania-compressor-300x300.png",300,300,true],"woocommerce_single":["https:\/\/www.opibn.it\/web\/wp-content\/uploads\/2017\/03\/selezione-infermieri-germania-compressor-600x415.png",600,415,true],"woocommerce_gallery_thumbnail":["https:\/\/www.opibn.it\/web\/wp-content\/uploads\/2017\/03\/selezione-infermieri-germania-compressor-100x100.png",100,100,true]},"rttpg_author":{"display_name":"OPI BN","author_link":"https:\/\/www.opibn.it\/web\/author\/opibenevento\/"},"rttpg_comment":0,"rttpg_category":"<a href=\"https:\/\/www.opibn.it\/web\/category\/news\/\" rel=\"category tag\">News<\/a>","rttpg_excerpt":"La selezione si terr\u00e0 il 22 Marzo 2017 alle ore 9.00, presso il Centro per l&#8217;Impiego di Benevento, via XXV Luglio n.14 Il servizio di collocamento internazionale della Germania del Nord in collaborazione con il servizio EURES della provincia di Benevento vorrebbe attirare la vostra attenzione sulla seguente occasione di&hellip;","_links":{"self":[{"href":"https:\/\/www.opibn.it\/web\/wp-json\/wp\/v2\/posts\/550","targetHints":{"allow":["GET"]}}],"collection":[{"href":"https:\/\/www.opibn.it\/web\/wp-json\/wp\/v2\/posts"}],"about":[{"href":"https:\/\/www.opibn.it\/web\/wp-json\/wp\/v2\/types\/post"}],"author":[{"embeddable":true,"href":"https:\/\/www.opibn.it\/web\/wp-json\/wp\/v2\/users\/107"}],"replies":[{"embeddable":true,"href":"https:\/\/www.opibn.it\/web\/wp-json\/wp\/v2\/comments?post=550"}],"version-history":[{"count":6,"href":"https:\/\/www.opibn.it\/web\/wp-json\/wp\/v2\/posts\/550\/revisions"}],"predecessor-version":[{"id":559,"href":"https:\/\/www.opibn.it\/web\/wp-json\/wp\/v2\/posts\/550\/revisions\/559"}],"wp:featuredmedia":[{"embeddable":true,"href":"https:\/\/www.opibn.it\/web\/wp-json\/wp\/v2\/media\/561"}],"wp:attachment":[{"href":"https:\/\/www.opibn.it\/web\/wp-json\/wp\/v2\/media?parent=550"}],"wp:term":[{"taxonomy":"category","embeddable":true,"href":"https:\/\/www.opibn.it\/web\/wp-json\/wp\/v2\/categories?post=550"},{"taxonomy":"post_tag","embeddable":true,"href":"https:\/\/www.opibn.it\/web\/wp-json\/wp\/v2\/tags?post=550"}],"curies":[{"name":"wp","href":"https:\/\/api.w.org\/{rel}","templated":true}]}}