{"id":787,"date":"2018-03-21T12:24:38","date_gmt":"2018-03-21T10:24:38","guid":{"rendered":"http:\/\/www.ipasvibn.it\/web\/?p=787"},"modified":"2018-09-17T17:18:42","modified_gmt":"2018-09-17T15:18:42","slug":"gli-infermieri-in-udienza-privata-da-papa-francesco","status":"publish","type":"post","link":"https:\/\/www.opibn.it\/web\/news\/gli-infermieri-in-udienza-privata-da-papa-francesco\/","title":{"rendered":"GLI INFERMIERI IN UDIENZA PRIVATA DA PAPA FRANCESCO"},"content":{"rendered":"<h3>GLI INFERMIERI IN UDIENZA PRIVATA DA PAPA FRANCESCO<br \/>\nROMA &#8211; MARZO 2018<\/h3>\n<p><i>\u201cCari fratelli e sorelle, buongiorno! Sono lieto di incontrarvi e, prima di tutto, vorrei esprimervi la mia riconoscenza e la mia stima per il lavoro prezioso che svolgete verso tante persone e per il bene di tutta la societ\u00e0. Grazie, grazie tante!\u201d<\/i><br \/>\nPapa Francesco ha voluto incontrare gli infermieri di tutta Italia e tra loro anche noi Infermieri di Benevento, ed \u00e8 con un <i>\u201cgrazie\u201d<\/i>, un semplice <i>\u201cgrazie tante\u201d<\/i>, che ci ha accolti. Ci ha parlato della Federazione Nazionale Ordini Professioni Infermieristiche, di recente costituita dalla Legislatura, che valorizza la nostra professione, diventata ormai un riferimento importante anche per le altre categorie di professionisti.<\/p>\n<p>Il Santo Padre ha riflettuto sul nostro <b>RUOLO INSOSTITUIBILE<\/b>, poich\u00e9 <i>\u201cl\u2019Infermiere ha una relazione diretta e continua con i pazienti, se ne prende cura quotidianamente, ascolta le loro necessit\u00e0 ed entra in contatto con il loro stesso corpo, che accudisce\u201d<\/i>.<br \/>\nConosciamo bene il Codice Deontologico dell\u2019Infermiere, e quindi il ruolo, gli ambiti di cura, la complessit\u00e0 delle funzioni che esigono una elevata professionalit\u00e0, specializzazione e aggiornamento; tutto questo si fonde con la sfera delle relazioni umane e cio\u00e8 con quello che rende la professione infermieristica una vera e propria missione. L\u2019ascolto, la vicinanza, la percezione continua delle esigenze delle persone, <i>\u201cla medicina delle carezze \u2026. una carezza, un sorriso \u00e8 pieno di significato per il malato \u2026. E\u2019 semplice il gesto, ma lo porta su, si sente accompagnato, sente vicina la guarigione, si sente persona, non un numero\u201d. Ecco gli Infermieri \u201cesperti di umanit\u00e0\u201d<\/i> chiamati ad assolvere un compito insostituibile di umanizzazione in una societ\u00e0 distratta, che troppo spesso lascia ai margini le persone pi\u00f9 deboli, interessandosi solo di chi vale, o risponde a criteri di efficienza o di guadagno.<\/p>\n<p>Crediamo nelle parole di Papa Francesco e lo ringraziamo non solo perch\u00e9 ha voluto incontrarci ma pi\u00f9 di tutto perch\u00e9 ha riflettuto insieme a noi sull\u2019essenza vera della nostra professione, facendoci gioiosamente percepire la sua vicinanza ed il suo affetto.<br \/>\nSiamo grati ed emozionati! Grazie Papa Francesco!<\/p>\n<p><em>Infermiera Lucia Di Polvere<\/em><\/p>\n<div id=\"envira-gallery-wrap-782\" class=\"envira-gallery-wrap envira-gallery-theme-base envira-lightbox-theme-base\" itemscope itemtype=\"https:\/\/schema.org\/ImageGallery\"><div data-row-height=\"150\" data-gallery-theme=\"normal\" id=\"envira-gallery-782\" class=\"envira-gallery-public envira-gallery-justified-public envira-gallery-0-columns envira-clear enviratope envira-gallery-css-animations\" data-envira-columns=\"0\"><div id=\"envira-gallery-item-783\" class=\"envira-gallery-item enviratope-item envira-gallery-item-1 envira-lazy-load\" style=\"padding-left: 5px; padding-bottom: 10px; padding-right: 5px;\"  itemscope itemtype=\"https:\/\/schema.org\/ImageObject\"><div class=\"envira-gallery-item-inner\"><div class=\"envira-gallery-position-overlay  envira-gallery-top-left\"><\/div><div class=\"envira-gallery-position-overlay  envira-gallery-top-right\"><\/div><div class=\"envira-gallery-position-overlay  envira-gallery-bottom-left\"><\/div><div class=\"envira-gallery-position-overlay  envira-gallery-bottom-right\"><\/div><a href=\"http:\/\/www.ipasvibn.it\/web\/wp-content\/uploads\/2018\/03\/opi-benevento-udienza-papa-2018-1.jpg\" class=\"envira-gallery-782 envira-gallery-link\" rel=\"enviragallery782\" title=\"\" data-envira-caption=\"\" data-envira-retina=\"\" data-thumbnail=\"\"  itemprop=\"contentUrl\"><img decoding=\"async\" id=\"envira-gallery-image-783\" class=\"envira-gallery-image envira-gallery-image-1 envira-normal envira-lazy\" data-envira-index=\"1\" src=\"https:\/\/www.opibn.it\/web\/wp-content\/uploads\/2018\/03\/opi-benevento-udienza-papa-2018-1-1024x768-640x480.jpg\" data-envira-src=\"https:\/\/www.opibn.it\/web\/wp-content\/uploads\/2018\/03\/opi-benevento-udienza-papa-2018-1-1024x768-640x480.jpg\" data-envira-gallery-id=\"782\" data-envira-item-id=\"783\" data-envira-caption=\"\" alt=\"\" title=\"\"  itemprop=\"thumbnailUrl\" data-envira-srcset=\"https:\/\/www.opibn.it\/web\/wp-content\/uploads\/2018\/03\/opi-benevento-udienza-papa-2018-1-1024x768-640x480.jpg 400w,https:\/\/www.opibn.it\/web\/wp-content\/uploads\/2018\/03\/opi-benevento-udienza-papa-2018-1-1024x768-640x480.jpg 2x\" data-envira-width=\"300\" data-envira-height=\"225\" srcset=\"data:image\/gif;base64,R0lGODlhAQABAIAAAP\/\/\/\/\/\/\/yH5BAEKAAEALAAAAAABAAEAAAICTAEAOw==\" data-safe-src=\"data:image\/gif;base64,R0lGODlhAQABAIAAAP\/\/\/\/\/\/\/yH5BAEKAAEALAAAAAABAAEAAAICTAEAOw==\" \/><\/a><\/div><\/div><div id=\"envira-gallery-item-784\" class=\"envira-gallery-item enviratope-item envira-gallery-item-2 envira-lazy-load\" style=\"padding-left: 5px; padding-bottom: 10px; padding-right: 5px;\"  itemscope itemtype=\"https:\/\/schema.org\/ImageObject\"><div class=\"envira-gallery-item-inner\"><div class=\"envira-gallery-position-overlay  envira-gallery-top-left\"><\/div><div class=\"envira-gallery-position-overlay  envira-gallery-top-right\"><\/div><div class=\"envira-gallery-position-overlay  envira-gallery-bottom-left\"><\/div><div class=\"envira-gallery-position-overlay  envira-gallery-bottom-right\"><\/div><a href=\"http:\/\/www.ipasvibn.it\/web\/wp-content\/uploads\/2018\/03\/opi-benevento-udienza-papa-2018-2.jpg\" class=\"envira-gallery-782 envira-gallery-link\" rel=\"enviragallery782\" title=\"\" data-envira-caption=\"\" data-envira-retina=\"\" data-thumbnail=\"\"  itemprop=\"contentUrl\"><img decoding=\"async\" id=\"envira-gallery-image-784\" class=\"envira-gallery-image envira-gallery-image-2 envira-normal envira-lazy\" data-envira-index=\"2\" src=\"https:\/\/www.opibn.it\/web\/wp-content\/uploads\/2018\/03\/opi-benevento-udienza-papa-2018-2-1024x768-640x480.jpg\" data-envira-src=\"https:\/\/www.opibn.it\/web\/wp-content\/uploads\/2018\/03\/opi-benevento-udienza-papa-2018-2-1024x768-640x480.jpg\" data-envira-gallery-id=\"782\" data-envira-item-id=\"784\" data-envira-caption=\"\" alt=\"\" title=\"\"  itemprop=\"thumbnailUrl\" data-envira-srcset=\"https:\/\/www.opibn.it\/web\/wp-content\/uploads\/2018\/03\/opi-benevento-udienza-papa-2018-2-1024x768-640x480.jpg 400w,https:\/\/www.opibn.it\/web\/wp-content\/uploads\/2018\/03\/opi-benevento-udienza-papa-2018-2-1024x768-640x480.jpg 2x\" data-envira-width=\"300\" data-envira-height=\"225\" srcset=\"data:image\/gif;base64,R0lGODlhAQABAIAAAP\/\/\/\/\/\/\/yH5BAEKAAEALAAAAAABAAEAAAICTAEAOw==\" data-safe-src=\"data:image\/gif;base64,R0lGODlhAQABAIAAAP\/\/\/\/\/\/\/yH5BAEKAAEALAAAAAABAAEAAAICTAEAOw==\" \/><\/a><\/div><\/div><div id=\"envira-gallery-item-785\" class=\"envira-gallery-item enviratope-item envira-gallery-item-3 envira-lazy-load\" style=\"padding-left: 5px; padding-bottom: 10px; padding-right: 5px;\"  itemscope itemtype=\"https:\/\/schema.org\/ImageObject\"><div class=\"envira-gallery-item-inner\"><div class=\"envira-gallery-position-overlay  envira-gallery-top-left\"><\/div><div class=\"envira-gallery-position-overlay  envira-gallery-top-right\"><\/div><div class=\"envira-gallery-position-overlay  envira-gallery-bottom-left\"><\/div><div class=\"envira-gallery-position-overlay  envira-gallery-bottom-right\"><\/div><a href=\"http:\/\/www.ipasvibn.it\/web\/wp-content\/uploads\/2018\/03\/opi-benevento-udienza-papa-2018-3.jpg\" class=\"envira-gallery-782 envira-gallery-link\" rel=\"enviragallery782\" title=\"\" data-envira-caption=\"\" data-envira-retina=\"\" data-thumbnail=\"\"  itemprop=\"contentUrl\"><img decoding=\"async\" id=\"envira-gallery-image-785\" class=\"envira-gallery-image envira-gallery-image-3 envira-normal envira-lazy\" data-envira-index=\"3\" src=\"https:\/\/www.opibn.it\/web\/wp-content\/uploads\/2018\/03\/opi-benevento-udienza-papa-2018-3-768x1024-640x480.jpg\" data-envira-src=\"https:\/\/www.opibn.it\/web\/wp-content\/uploads\/2018\/03\/opi-benevento-udienza-papa-2018-3-768x1024-640x480.jpg\" data-envira-gallery-id=\"782\" data-envira-item-id=\"785\" data-envira-caption=\"\" alt=\"\" title=\"\"  itemprop=\"thumbnailUrl\" data-envira-srcset=\"https:\/\/www.opibn.it\/web\/wp-content\/uploads\/2018\/03\/opi-benevento-udienza-papa-2018-3-768x1024-640x480.jpg 400w,https:\/\/www.opibn.it\/web\/wp-content\/uploads\/2018\/03\/opi-benevento-udienza-papa-2018-3-768x1024-640x480.jpg 2x\" data-envira-width=\"225\" data-envira-height=\"300\" srcset=\"data:image\/gif;base64,R0lGODlhAQABAIAAAP\/\/\/\/\/\/\/yH5BAEKAAEALAAAAAABAAEAAAICTAEAOw==\" data-safe-src=\"data:image\/gif;base64,R0lGODlhAQABAIAAAP\/\/\/\/\/\/\/yH5BAEKAAEALAAAAAABAAEAAAICTAEAOw==\" \/><\/a><\/div><\/div><div id=\"envira-gallery-item-786\" class=\"envira-gallery-item enviratope-item envira-gallery-item-4 envira-lazy-load\" style=\"padding-left: 5px; padding-bottom: 10px; padding-right: 5px;\"  itemscope itemtype=\"https:\/\/schema.org\/ImageObject\"><div class=\"envira-gallery-item-inner\"><div class=\"envira-gallery-position-overlay  envira-gallery-top-left\"><\/div><div class=\"envira-gallery-position-overlay  envira-gallery-top-right\"><\/div><div class=\"envira-gallery-position-overlay  envira-gallery-bottom-left\"><\/div><div class=\"envira-gallery-position-overlay  envira-gallery-bottom-right\"><\/div><a href=\"http:\/\/www.ipasvibn.it\/web\/wp-content\/uploads\/2018\/03\/opi-benevento-udienza-papa-2018-4.jpg\" class=\"envira-gallery-782 envira-gallery-link\" rel=\"enviragallery782\" title=\"\" data-envira-caption=\"\" data-envira-retina=\"\" data-thumbnail=\"\"  itemprop=\"contentUrl\"><img decoding=\"async\" id=\"envira-gallery-image-786\" class=\"envira-gallery-image envira-gallery-image-4 envira-normal envira-lazy\" data-envira-index=\"4\" src=\"https:\/\/www.opibn.it\/web\/wp-content\/uploads\/2018\/03\/opi-benevento-udienza-papa-2018-4-768x1024-640x480.jpg\" data-envira-src=\"https:\/\/www.opibn.it\/web\/wp-content\/uploads\/2018\/03\/opi-benevento-udienza-papa-2018-4-768x1024-640x480.jpg\" data-envira-gallery-id=\"782\" data-envira-item-id=\"786\" data-envira-caption=\"\" alt=\"\" title=\"\"  itemprop=\"thumbnailUrl\" data-envira-srcset=\"https:\/\/www.opibn.it\/web\/wp-content\/uploads\/2018\/03\/opi-benevento-udienza-papa-2018-4-768x1024-640x480.jpg 400w,https:\/\/www.opibn.it\/web\/wp-content\/uploads\/2018\/03\/opi-benevento-udienza-papa-2018-4-768x1024-640x480.jpg 2x\" data-envira-width=\"225\" data-envira-height=\"300\" srcset=\"data:image\/gif;base64,R0lGODlhAQABAIAAAP\/\/\/\/\/\/\/yH5BAEKAAEALAAAAAABAAEAAAICTAEAOw==\" data-safe-src=\"data:image\/gif;base64,R0lGODlhAQABAIAAAP\/\/\/\/\/\/\/yH5BAEKAAEALAAAAAABAAEAAAICTAEAOw==\" \/><\/a><\/div><\/div><\/div><\/div><noscript><img decoding=\"async\" src=\"https:\/\/www.opibn.it\/web\/wp-content\/uploads\/2018\/03\/opi-benevento-udienza-papa-2018-1.jpg\" alt=\"\" \/><img decoding=\"async\" src=\"https:\/\/www.opibn.it\/web\/wp-content\/uploads\/2018\/03\/opi-benevento-udienza-papa-2018-2.jpg\" alt=\"\" \/><img decoding=\"async\" src=\"https:\/\/www.opibn.it\/web\/wp-content\/uploads\/2018\/03\/opi-benevento-udienza-papa-2018-3.jpg\" alt=\"\" \/><img decoding=\"async\" src=\"https:\/\/www.opibn.it\/web\/wp-content\/uploads\/2018\/03\/opi-benevento-udienza-papa-2018-4.jpg\" alt=\"\" \/><\/noscript>\n<p>&nbsp;<\/p>\n","protected":false},"excerpt":{"rendered":"<p>GLI INFERMIERI IN UDIENZA PRIVATA DA PAPA FRANCESCO ROMA &#8211; MARZO 2018 \u201cCari fratelli e sorelle, buongiorno! Sono lieto di incontrarvi e, prima di tutto, vorrei esprimervi la mia riconoscenza e la mia stima per il lavoro prezioso che svolgete verso tante persone e per il bene di tutta la&hellip; <\/p>\n","protected":false},"author":107,"featured_media":784,"comment_status":"closed","ping_status":"open","sticky":false,"template":"","format":"standard","meta":{"_acf_changed":false,"footnotes":""},"categories":[1],"tags":[],"class_list":["post-787","post","type-post","status-publish","format-standard","has-post-thumbnail","hentry","category-news"],"acf":[],"yoast_head":"<!-- This site is optimized with the Yoast SEO plugin v28.2 - https:\/\/yoast.com\/product\/yoast-seo-wordpress\/ -->\n<title>OPI Benevento | Ordine delle Professioni Infermieristiche - GLI INFERMIERI IN UDIENZA PRIVATA DA PAPA FRANCESCO<\/title>\n<meta name=\"description\" content=\"%\" \/>\n<meta name=\"robots\" content=\"index, follow, max-snippet:-1, max-image-preview:large, max-video-preview:-1\" \/>\n<link rel=\"canonical\" href=\"https:\/\/www.opibn.it\/web\/news\/gli-infermieri-in-udienza-privata-da-papa-francesco\/\" \/>\n<meta property=\"og:locale\" content=\"it_IT\" \/>\n<meta property=\"og:type\" content=\"article\" \/>\n<meta property=\"og:title\" content=\"OPI Benevento | Ordine delle Professioni Infermieristiche - GLI INFERMIERI IN UDIENZA PRIVATA DA PAPA FRANCESCO\" \/>\n<meta property=\"og:description\" content=\"%\" \/>\n<meta property=\"og:url\" content=\"https:\/\/www.opibn.it\/web\/news\/gli-infermieri-in-udienza-privata-da-papa-francesco\/\" \/>\n<meta property=\"og:site_name\" content=\"OPI Benevento | Ordine delle Professioni Infermieristiche\" \/>\n<meta property=\"article:publisher\" content=\"https:\/\/www.facebook.com\/ipasvibenevento\" \/>\n<meta property=\"article:published_time\" content=\"2018-03-21T10:24:38+00:00\" \/>\n<meta property=\"article:modified_time\" content=\"2018-09-17T15:18:42+00:00\" \/>\n<meta property=\"og:image\" content=\"https:\/\/www.opibn.it\/web\/wp-content\/uploads\/2018\/03\/opi-benevento-udienza-papa-2018-2.jpg\" \/>\n\t<meta property=\"og:image:width\" content=\"1024\" \/>\n\t<meta property=\"og:image:height\" content=\"768\" \/>\n\t<meta property=\"og:image:type\" content=\"image\/jpeg\" \/>\n<meta name=\"author\" content=\"OPI BN\" \/>\n<meta name=\"twitter:card\" content=\"summary_large_image\" \/>\n<meta name=\"twitter:label1\" content=\"Scritto da\" \/>\n\t<meta name=\"twitter:data1\" content=\"OPI BN\" \/>\n\t<meta name=\"twitter:label2\" content=\"Tempo di lettura stimato\" \/>\n\t<meta name=\"twitter:data2\" content=\"2 minuti\" \/>\n<script type=\"application\/ld+json\" class=\"yoast-schema-graph\">{\"@context\":\"https:\\\/\\\/schema.org\",\"@graph\":[{\"@type\":\"Article\",\"@id\":\"https:\\\/\\\/www.opibn.it\\\/web\\\/news\\\/gli-infermieri-in-udienza-privata-da-papa-francesco\\\/#article\",\"isPartOf\":{\"@id\":\"https:\\\/\\\/www.opibn.it\\\/web\\\/news\\\/gli-infermieri-in-udienza-privata-da-papa-francesco\\\/\"},\"author\":{\"name\":\"OPI BN\",\"@id\":\"https:\\\/\\\/www.opibn.it\\\/web\\\/#\\\/schema\\\/person\\\/5502c71f270145db3c88eaab767b01c1\"},\"headline\":\"GLI INFERMIERI IN UDIENZA PRIVATA DA PAPA FRANCESCO\",\"datePublished\":\"2018-03-21T10:24:38+00:00\",\"dateModified\":\"2018-09-17T15:18:42+00:00\",\"mainEntityOfPage\":{\"@id\":\"https:\\\/\\\/www.opibn.it\\\/web\\\/news\\\/gli-infermieri-in-udienza-privata-da-papa-francesco\\\/\"},\"wordCount\":357,\"publisher\":{\"@id\":\"https:\\\/\\\/www.opibn.it\\\/web\\\/#organization\"},\"image\":{\"@id\":\"https:\\\/\\\/www.opibn.it\\\/web\\\/news\\\/gli-infermieri-in-udienza-privata-da-papa-francesco\\\/#primaryimage\"},\"thumbnailUrl\":\"https:\\\/\\\/www.opibn.it\\\/web\\\/wp-content\\\/uploads\\\/2018\\\/03\\\/opi-benevento-udienza-papa-2018-2.jpg\",\"articleSection\":[\"News\"],\"inLanguage\":\"it-IT\"},{\"@type\":\"WebPage\",\"@id\":\"https:\\\/\\\/www.opibn.it\\\/web\\\/news\\\/gli-infermieri-in-udienza-privata-da-papa-francesco\\\/\",\"url\":\"https:\\\/\\\/www.opibn.it\\\/web\\\/news\\\/gli-infermieri-in-udienza-privata-da-papa-francesco\\\/\",\"name\":\"OPI Benevento | Ordine delle Professioni Infermieristiche - GLI INFERMIERI IN UDIENZA PRIVATA DA PAPA FRANCESCO\",\"isPartOf\":{\"@id\":\"https:\\\/\\\/www.opibn.it\\\/web\\\/#website\"},\"primaryImageOfPage\":{\"@id\":\"https:\\\/\\\/www.opibn.it\\\/web\\\/news\\\/gli-infermieri-in-udienza-privata-da-papa-francesco\\\/#primaryimage\"},\"image\":{\"@id\":\"https:\\\/\\\/www.opibn.it\\\/web\\\/news\\\/gli-infermieri-in-udienza-privata-da-papa-francesco\\\/#primaryimage\"},\"thumbnailUrl\":\"https:\\\/\\\/www.opibn.it\\\/web\\\/wp-content\\\/uploads\\\/2018\\\/03\\\/opi-benevento-udienza-papa-2018-2.jpg\",\"datePublished\":\"2018-03-21T10:24:38+00:00\",\"dateModified\":\"2018-09-17T15:18:42+00:00\",\"description\":\"%\",\"breadcrumb\":{\"@id\":\"https:\\\/\\\/www.opibn.it\\\/web\\\/news\\\/gli-infermieri-in-udienza-privata-da-papa-francesco\\\/#breadcrumb\"},\"inLanguage\":\"it-IT\",\"potentialAction\":[{\"@type\":\"ReadAction\",\"target\":[\"https:\\\/\\\/www.opibn.it\\\/web\\\/news\\\/gli-infermieri-in-udienza-privata-da-papa-francesco\\\/\"]}]},{\"@type\":\"ImageObject\",\"inLanguage\":\"it-IT\",\"@id\":\"https:\\\/\\\/www.opibn.it\\\/web\\\/news\\\/gli-infermieri-in-udienza-privata-da-papa-francesco\\\/#primaryimage\",\"url\":\"https:\\\/\\\/www.opibn.it\\\/web\\\/wp-content\\\/uploads\\\/2018\\\/03\\\/opi-benevento-udienza-papa-2018-2.jpg\",\"contentUrl\":\"https:\\\/\\\/www.opibn.it\\\/web\\\/wp-content\\\/uploads\\\/2018\\\/03\\\/opi-benevento-udienza-papa-2018-2.jpg\",\"width\":1024,\"height\":768},{\"@type\":\"BreadcrumbList\",\"@id\":\"https:\\\/\\\/www.opibn.it\\\/web\\\/news\\\/gli-infermieri-in-udienza-privata-da-papa-francesco\\\/#breadcrumb\",\"itemListElement\":[{\"@type\":\"ListItem\",\"position\":1,\"name\":\"Home\",\"item\":\"https:\\\/\\\/www.opibn.it\\\/web\\\/\"},{\"@type\":\"ListItem\",\"position\":2,\"name\":\"GLI INFERMIERI IN UDIENZA PRIVATA DA PAPA FRANCESCO\"}]},{\"@type\":\"WebSite\",\"@id\":\"https:\\\/\\\/www.opibn.it\\\/web\\\/#website\",\"url\":\"https:\\\/\\\/www.opibn.it\\\/web\\\/\",\"name\":\"OPI Benevento | Ordine delle Professioni Infermieristiche\",\"description\":\"Ordine delle Professioni Infermieristiche di Benevento\",\"publisher\":{\"@id\":\"https:\\\/\\\/www.opibn.it\\\/web\\\/#organization\"},\"potentialAction\":[{\"@type\":\"SearchAction\",\"target\":{\"@type\":\"EntryPoint\",\"urlTemplate\":\"https:\\\/\\\/www.opibn.it\\\/web\\\/?s={search_term_string}\"},\"query-input\":{\"@type\":\"PropertyValueSpecification\",\"valueRequired\":true,\"valueName\":\"search_term_string\"}}],\"inLanguage\":\"it-IT\"},{\"@type\":\"Organization\",\"@id\":\"https:\\\/\\\/www.opibn.it\\\/web\\\/#organization\",\"name\":\"OPI Benevento\",\"url\":\"https:\\\/\\\/www.opibn.it\\\/web\\\/\",\"logo\":{\"@type\":\"ImageObject\",\"inLanguage\":\"it-IT\",\"@id\":\"https:\\\/\\\/www.opibn.it\\\/web\\\/#\\\/schema\\\/logo\\\/image\\\/\",\"url\":\"https:\\\/\\\/www.opibn.it\\\/web\\\/wp-content\\\/uploads\\\/2018\\\/08\\\/opi-logo-quadrato.png\",\"contentUrl\":\"https:\\\/\\\/www.opibn.it\\\/web\\\/wp-content\\\/uploads\\\/2018\\\/08\\\/opi-logo-quadrato.png\",\"width\":358,\"height\":358,\"caption\":\"OPI Benevento\"},\"image\":{\"@id\":\"https:\\\/\\\/www.opibn.it\\\/web\\\/#\\\/schema\\\/logo\\\/image\\\/\"},\"sameAs\":[\"https:\\\/\\\/www.facebook.com\\\/ipasvibenevento\"]},{\"@type\":\"Person\",\"@id\":\"https:\\\/\\\/www.opibn.it\\\/web\\\/#\\\/schema\\\/person\\\/5502c71f270145db3c88eaab767b01c1\",\"name\":\"OPI BN\",\"image\":{\"@type\":\"ImageObject\",\"inLanguage\":\"it-IT\",\"@id\":\"https:\\\/\\\/secure.gravatar.com\\\/avatar\\\/87d735b700c0e22c6a17c6eb9638660c573676dac6dfd34de3893aaeef07b816?s=96&d=mm&r=g\",\"url\":\"https:\\\/\\\/secure.gravatar.com\\\/avatar\\\/87d735b700c0e22c6a17c6eb9638660c573676dac6dfd34de3893aaeef07b816?s=96&d=mm&r=g\",\"contentUrl\":\"https:\\\/\\\/secure.gravatar.com\\\/avatar\\\/87d735b700c0e22c6a17c6eb9638660c573676dac6dfd34de3893aaeef07b816?s=96&d=mm&r=g\",\"caption\":\"OPI BN\"},\"sameAs\":[\"http:\\\/\\\/www.opibn.it\"],\"url\":\"https:\\\/\\\/www.opibn.it\\\/web\\\/author\\\/opibenevento\\\/\"}]}<\/script>\n<!-- \/ Yoast SEO plugin. -->","yoast_head_json":{"title":"OPI Benevento | Ordine delle Professioni Infermieristiche - GLI INFERMIERI IN UDIENZA PRIVATA DA PAPA FRANCESCO","description":"%","robots":{"index":"index","follow":"follow","max-snippet":"max-snippet:-1","max-image-preview":"max-image-preview:large","max-video-preview":"max-video-preview:-1"},"canonical":"https:\/\/www.opibn.it\/web\/news\/gli-infermieri-in-udienza-privata-da-papa-francesco\/","og_locale":"it_IT","og_type":"article","og_title":"OPI Benevento | Ordine delle Professioni Infermieristiche - GLI INFERMIERI IN UDIENZA PRIVATA DA PAPA FRANCESCO","og_description":"%","og_url":"https:\/\/www.opibn.it\/web\/news\/gli-infermieri-in-udienza-privata-da-papa-francesco\/","og_site_name":"OPI Benevento | Ordine delle Professioni Infermieristiche","article_publisher":"https:\/\/www.facebook.com\/ipasvibenevento","article_published_time":"2018-03-21T10:24:38+00:00","article_modified_time":"2018-09-17T15:18:42+00:00","og_image":[{"width":1024,"height":768,"url":"https:\/\/www.opibn.it\/web\/wp-content\/uploads\/2018\/03\/opi-benevento-udienza-papa-2018-2.jpg","type":"image\/jpeg"}],"author":"OPI BN","twitter_card":"summary_large_image","twitter_misc":{"Scritto da":"OPI BN","Tempo di lettura stimato":"2 minuti"},"schema":{"@context":"https:\/\/schema.org","@graph":[{"@type":"Article","@id":"https:\/\/www.opibn.it\/web\/news\/gli-infermieri-in-udienza-privata-da-papa-francesco\/#article","isPartOf":{"@id":"https:\/\/www.opibn.it\/web\/news\/gli-infermieri-in-udienza-privata-da-papa-francesco\/"},"author":{"name":"OPI BN","@id":"https:\/\/www.opibn.it\/web\/#\/schema\/person\/5502c71f270145db3c88eaab767b01c1"},"headline":"GLI INFERMIERI IN UDIENZA PRIVATA DA PAPA FRANCESCO","datePublished":"2018-03-21T10:24:38+00:00","dateModified":"2018-09-17T15:18:42+00:00","mainEntityOfPage":{"@id":"https:\/\/www.opibn.it\/web\/news\/gli-infermieri-in-udienza-privata-da-papa-francesco\/"},"wordCount":357,"publisher":{"@id":"https:\/\/www.opibn.it\/web\/#organization"},"image":{"@id":"https:\/\/www.opibn.it\/web\/news\/gli-infermieri-in-udienza-privata-da-papa-francesco\/#primaryimage"},"thumbnailUrl":"https:\/\/www.opibn.it\/web\/wp-content\/uploads\/2018\/03\/opi-benevento-udienza-papa-2018-2.jpg","articleSection":["News"],"inLanguage":"it-IT"},{"@type":"WebPage","@id":"https:\/\/www.opibn.it\/web\/news\/gli-infermieri-in-udienza-privata-da-papa-francesco\/","url":"https:\/\/www.opibn.it\/web\/news\/gli-infermieri-in-udienza-privata-da-papa-francesco\/","name":"OPI Benevento | Ordine delle Professioni Infermieristiche - GLI INFERMIERI IN UDIENZA PRIVATA DA PAPA FRANCESCO","isPartOf":{"@id":"https:\/\/www.opibn.it\/web\/#website"},"primaryImageOfPage":{"@id":"https:\/\/www.opibn.it\/web\/news\/gli-infermieri-in-udienza-privata-da-papa-francesco\/#primaryimage"},"image":{"@id":"https:\/\/www.opibn.it\/web\/news\/gli-infermieri-in-udienza-privata-da-papa-francesco\/#primaryimage"},"thumbnailUrl":"https:\/\/www.opibn.it\/web\/wp-content\/uploads\/2018\/03\/opi-benevento-udienza-papa-2018-2.jpg","datePublished":"2018-03-21T10:24:38+00:00","dateModified":"2018-09-17T15:18:42+00:00","description":"%","breadcrumb":{"@id":"https:\/\/www.opibn.it\/web\/news\/gli-infermieri-in-udienza-privata-da-papa-francesco\/#breadcrumb"},"inLanguage":"it-IT","potentialAction":[{"@type":"ReadAction","target":["https:\/\/www.opibn.it\/web\/news\/gli-infermieri-in-udienza-privata-da-papa-francesco\/"]}]},{"@type":"ImageObject","inLanguage":"it-IT","@id":"https:\/\/www.opibn.it\/web\/news\/gli-infermieri-in-udienza-privata-da-papa-francesco\/#primaryimage","url":"https:\/\/www.opibn.it\/web\/wp-content\/uploads\/2018\/03\/opi-benevento-udienza-papa-2018-2.jpg","contentUrl":"https:\/\/www.opibn.it\/web\/wp-content\/uploads\/2018\/03\/opi-benevento-udienza-papa-2018-2.jpg","width":1024,"height":768},{"@type":"BreadcrumbList","@id":"https:\/\/www.opibn.it\/web\/news\/gli-infermieri-in-udienza-privata-da-papa-francesco\/#breadcrumb","itemListElement":[{"@type":"ListItem","position":1,"name":"Home","item":"https:\/\/www.opibn.it\/web\/"},{"@type":"ListItem","position":2,"name":"GLI INFERMIERI IN UDIENZA PRIVATA DA PAPA FRANCESCO"}]},{"@type":"WebSite","@id":"https:\/\/www.opibn.it\/web\/#website","url":"https:\/\/www.opibn.it\/web\/","name":"OPI Benevento | Ordine delle Professioni Infermieristiche","description":"Ordine delle Professioni Infermieristiche di Benevento","publisher":{"@id":"https:\/\/www.opibn.it\/web\/#organization"},"potentialAction":[{"@type":"SearchAction","target":{"@type":"EntryPoint","urlTemplate":"https:\/\/www.opibn.it\/web\/?s={search_term_string}"},"query-input":{"@type":"PropertyValueSpecification","valueRequired":true,"valueName":"search_term_string"}}],"inLanguage":"it-IT"},{"@type":"Organization","@id":"https:\/\/www.opibn.it\/web\/#organization","name":"OPI Benevento","url":"https:\/\/www.opibn.it\/web\/","logo":{"@type":"ImageObject","inLanguage":"it-IT","@id":"https:\/\/www.opibn.it\/web\/#\/schema\/logo\/image\/","url":"https:\/\/www.opibn.it\/web\/wp-content\/uploads\/2018\/08\/opi-logo-quadrato.png","contentUrl":"https:\/\/www.opibn.it\/web\/wp-content\/uploads\/2018\/08\/opi-logo-quadrato.png","width":358,"height":358,"caption":"OPI Benevento"},"image":{"@id":"https:\/\/www.opibn.it\/web\/#\/schema\/logo\/image\/"},"sameAs":["https:\/\/www.facebook.com\/ipasvibenevento"]},{"@type":"Person","@id":"https:\/\/www.opibn.it\/web\/#\/schema\/person\/5502c71f270145db3c88eaab767b01c1","name":"OPI BN","image":{"@type":"ImageObject","inLanguage":"it-IT","@id":"https:\/\/secure.gravatar.com\/avatar\/87d735b700c0e22c6a17c6eb9638660c573676dac6dfd34de3893aaeef07b816?s=96&d=mm&r=g","url":"https:\/\/secure.gravatar.com\/avatar\/87d735b700c0e22c6a17c6eb9638660c573676dac6dfd34de3893aaeef07b816?s=96&d=mm&r=g","contentUrl":"https:\/\/secure.gravatar.com\/avatar\/87d735b700c0e22c6a17c6eb9638660c573676dac6dfd34de3893aaeef07b816?s=96&d=mm&r=g","caption":"OPI BN"},"sameAs":["http:\/\/www.opibn.it"],"url":"https:\/\/www.opibn.it\/web\/author\/opibenevento\/"}]}},"publishpress_future_action":{"enabled":false,"date":"2026-09-12 08:03:41","action":"change-status","newStatus":"draft","terms":[],"taxonomy":"category","extraData":[]},"publishpress_future_workflow_manual_trigger":{"enabledWorkflows":[]},"rttpg_featured_image_url":{"full":["https:\/\/www.opibn.it\/web\/wp-content\/uploads\/2018\/03\/opi-benevento-udienza-papa-2018-2.jpg",1024,768,false],"landscape":["https:\/\/www.opibn.it\/web\/wp-content\/uploads\/2018\/03\/opi-benevento-udienza-papa-2018-2.jpg",1024,768,false],"portraits":["https:\/\/www.opibn.it\/web\/wp-content\/uploads\/2018\/03\/opi-benevento-udienza-papa-2018-2.jpg",1024,768,false],"thumbnail":["https:\/\/www.opibn.it\/web\/wp-content\/uploads\/2018\/03\/opi-benevento-udienza-papa-2018-2-150x150.jpg",150,150,true],"medium":["https:\/\/www.opibn.it\/web\/wp-content\/uploads\/2018\/03\/opi-benevento-udienza-papa-2018-2-300x225.jpg",300,225,true],"large":["https:\/\/www.opibn.it\/web\/wp-content\/uploads\/2018\/03\/opi-benevento-udienza-papa-2018-2-1024x768.jpg",770,578,true],"1536x1536":["https:\/\/www.opibn.it\/web\/wp-content\/uploads\/2018\/03\/opi-benevento-udienza-papa-2018-2.jpg",1024,768,false],"2048x2048":["https:\/\/www.opibn.it\/web\/wp-content\/uploads\/2018\/03\/opi-benevento-udienza-papa-2018-2.jpg",1024,768,false],"ambition-featured-large":["https:\/\/www.opibn.it\/web\/wp-content\/uploads\/2018\/03\/opi-benevento-udienza-papa-2018-2-1024x650.jpg",1024,650,true],"ambition-recent-work":["https:\/\/www.opibn.it\/web\/wp-content\/uploads\/2018\/03\/opi-benevento-udienza-papa-2018-2-670x420.jpg",670,420,true],"ambition-icon":["https:\/\/www.opibn.it\/web\/wp-content\/uploads\/2018\/03\/opi-benevento-udienza-papa-2018-2-210x210.jpg",210,210,true],"woocommerce_thumbnail":["https:\/\/www.opibn.it\/web\/wp-content\/uploads\/2018\/03\/opi-benevento-udienza-papa-2018-2-300x300.jpg",300,300,true],"woocommerce_single":["https:\/\/www.opibn.it\/web\/wp-content\/uploads\/2018\/03\/opi-benevento-udienza-papa-2018-2-600x450.jpg",600,450,true],"woocommerce_gallery_thumbnail":["https:\/\/www.opibn.it\/web\/wp-content\/uploads\/2018\/03\/opi-benevento-udienza-papa-2018-2-100x100.jpg",100,100,true]},"rttpg_author":{"display_name":"OPI BN","author_link":"https:\/\/www.opibn.it\/web\/author\/opibenevento\/"},"rttpg_comment":0,"rttpg_category":"<a href=\"https:\/\/www.opibn.it\/web\/category\/news\/\" rel=\"category tag\">News<\/a>","rttpg_excerpt":"GLI INFERMIERI IN UDIENZA PRIVATA DA PAPA FRANCESCO ROMA &#8211; MARZO 2018 \u201cCari fratelli e sorelle, buongiorno! Sono lieto di incontrarvi e, prima di tutto, vorrei esprimervi la mia riconoscenza e la mia stima per il lavoro prezioso che svolgete verso tante persone e per il bene di tutta la&hellip;","_links":{"self":[{"href":"https:\/\/www.opibn.it\/web\/wp-json\/wp\/v2\/posts\/787","targetHints":{"allow":["GET"]}}],"collection":[{"href":"https:\/\/www.opibn.it\/web\/wp-json\/wp\/v2\/posts"}],"about":[{"href":"https:\/\/www.opibn.it\/web\/wp-json\/wp\/v2\/types\/post"}],"author":[{"embeddable":true,"href":"https:\/\/www.opibn.it\/web\/wp-json\/wp\/v2\/users\/107"}],"replies":[{"embeddable":true,"href":"https:\/\/www.opibn.it\/web\/wp-json\/wp\/v2\/comments?post=787"}],"version-history":[{"count":2,"href":"https:\/\/www.opibn.it\/web\/wp-json\/wp\/v2\/posts\/787\/revisions"}],"predecessor-version":[{"id":789,"href":"https:\/\/www.opibn.it\/web\/wp-json\/wp\/v2\/posts\/787\/revisions\/789"}],"wp:featuredmedia":[{"embeddable":true,"href":"https:\/\/www.opibn.it\/web\/wp-json\/wp\/v2\/media\/784"}],"wp:attachment":[{"href":"https:\/\/www.opibn.it\/web\/wp-json\/wp\/v2\/media?parent=787"}],"wp:term":[{"taxonomy":"category","embeddable":true,"href":"https:\/\/www.opibn.it\/web\/wp-json\/wp\/v2\/categories?post=787"},{"taxonomy":"post_tag","embeddable":true,"href":"https:\/\/www.opibn.it\/web\/wp-json\/wp\/v2\/tags?post=787"}],"curies":[{"name":"wp","href":"https:\/\/api.w.org\/{rel}","templated":true}]}}