{"id":79,"date":"2016-05-25T12:17:51","date_gmt":"2016-05-25T10:17:51","guid":{"rendered":"http:\/\/www.ipasvibn.it\/web\/?p=79"},"modified":"2018-09-17T17:18:43","modified_gmt":"2018-09-17T15:18:43","slug":"elezioni-amministrative-del-5-giugno-2016","status":"publish","type":"post","link":"https:\/\/www.opibn.it\/web\/news\/elezioni-amministrative-del-5-giugno-2016\/","title":{"rendered":"Elezioni Amministrative del 5 giugno 2016"},"content":{"rendered":"<p>Il prossimo <strong>5 giugno<\/strong> a <strong>Benevento<\/strong> e in molti Comuni della nostra Provincia, si terranno le elezioni per il rinnovo dei<strong> Consigli<\/strong><br \/>\n<strong> Comunali.<\/strong><\/p>\n<p>Il <strong>Collegio provinciale IPASVI di Benevento<\/strong>, pur nella consapevolezza che le politiche sanitarie sono disciplinate e governate\u00a0a livello centrale dalla Regione, rimarca la centralit\u00e0 rivestita dalle Comunit\u00e0 Locali sui temi della \u201csalute\u201d intesi come<br \/>\nmantenimento, promozione e tutela della stessa, prevenzione della malattia e diritto dell\u2019accesso alle cure ed ai servizi, cos\u00ec<br \/>\ncome sancito dall\u2019articolo 32 della Costituzione.<\/p>\n<p>Risulta che ci siano diversi Infermieri iscritti al nostro <strong>Collegio Provinciale<\/strong> candidati in diversi schieramenti politici e liste<br \/>\nciviche, come <strong>Consiglieri<\/strong> e in qualche comune come <strong>Sindaco<\/strong>.<\/p>\n<p>A Loro rivolgiamo il nostro supporto per l\u2019impegno e la disponibilit\u00e0 nel servire la propria comunit\u00e0.<\/p>\n<p>Pur non volendo in alcun modo orientare il voto verso un partito o una lista specifica, invitiamo i cittadini, ed in particolare<br \/>\nmodo i Colleghi, a valutare la possibilit\u00e0 di valorizzare la nostra professione, attraverso l\u2019elezione degli Infermieri candidati.<\/p>\n<p>Tale invito aperto e disinteressato \u00e8 formulato nella consapevolezza che i valori che devono ispirare l\u2019azione politica<br \/>\nall\u2019interno di una comunit\u00e0 devono essere quelli della competenza, onest\u00e0, professionalit\u00e0 ed umanit\u00e0.<\/p>\n<p>Vista la centralit\u00e0 e la strategicit\u00e0 dell\u2019Infermiere nel mondo della salute e della sanit\u00e0 e le competenze specifiche nella pianificazione, gestione e valutazione delle attivit\u00e0 assistenziali siamo certi che i Candidati eletti sapranno perseguire politiche di buona gestione e di integrazione nel sociale e nel sanitario, nell\u2019interesse di tutta la cittadinanza.<\/p>\n<p>Ai candidati Infermieri impegnati nelle elezioni amministrative offriamo la possibilit\u00e0 di<br \/>\npresentare sul nostro sito istituzionale un breve curriculum, una foto, e il relativo simbolo di<br \/>\npartito o lista allo scopo di poter divulgare ai fruitori del sito la propria candidatura.<\/p>\n<p>&nbsp;<\/p>\n<h4>I Candidati<\/h4>\n<p>&nbsp;<\/p>\n<p><strong>Fucci Nunzia<\/strong><\/p>\n<p><img loading=\"lazy\" decoding=\"async\" class=\"alignnone wp-image-139 size-medium\" src=\"http:\/\/www.ipasvibn.it\/web\/wp-content\/uploads\/2016\/05\/FOTO-NUNZIA-FUCCI-300x300.jpg\" alt=\"FOTO NUNZIA FUCCI\" width=\"300\" height=\"300\" srcset=\"https:\/\/www.opibn.it\/web\/wp-content\/uploads\/2016\/05\/FOTO-NUNZIA-FUCCI-300x300.jpg 300w, https:\/\/www.opibn.it\/web\/wp-content\/uploads\/2016\/05\/FOTO-NUNZIA-FUCCI-100x100.jpg 100w, https:\/\/www.opibn.it\/web\/wp-content\/uploads\/2016\/05\/FOTO-NUNZIA-FUCCI-150x150.jpg 150w, https:\/\/www.opibn.it\/web\/wp-content\/uploads\/2016\/05\/FOTO-NUNZIA-FUCCI-400x400.jpg 400w, https:\/\/www.opibn.it\/web\/wp-content\/uploads\/2016\/05\/FOTO-NUNZIA-FUCCI.jpg 492w\" sizes=\"auto, (max-width: 300px) 100vw, 300px\" \/><\/p>\n<p>Scarica\u00a0<a href=\"http:\/\/www.ipasvibn.it\/web\/wp-content\/uploads\/2016\/05\/facsimile.jpg\" target=\"_blank\">Fac Simile<\/a><br \/>\nScarica\u00a0<a href=\"http:\/\/www.ipasvibn.it\/web\/wp-content\/uploads\/2016\/05\/documento-FUCCI-NUNZIA-1.docx\" target=\"_blank\">Curriculum Vitae<\/a><\/p>\n<p>&nbsp;<\/p>\n<p><strong>Callaro Patrizia<br \/>\n<\/strong><img loading=\"lazy\" decoding=\"async\" class=\"alignnone wp-image-98 size-medium\" src=\"http:\/\/www.ipasvibn.it\/web\/wp-content\/uploads\/2016\/05\/Paglia-Callaro-300x212.jpg\" alt=\"Fac Paglia Callaro\" width=\"300\" height=\"212\" srcset=\"https:\/\/www.opibn.it\/web\/wp-content\/uploads\/2016\/05\/Paglia-Callaro-300x212.jpg 300w, https:\/\/www.opibn.it\/web\/wp-content\/uploads\/2016\/05\/Paglia-Callaro.jpg 424w\" sizes=\"auto, (max-width: 300px) 100vw, 300px\" \/><\/p>\n<p>Scarica\u00a0<a href=\"http:\/\/www.ipasvibn.it\/web\/wp-content\/uploads\/2016\/05\/callaro-fac-simile.pdf\" target=\"_blank\">Fac simile<\/a><br \/>\nScarica\u00a0<a href=\"http:\/\/www.ipasvibn.it\/web\/wp-content\/uploads\/2016\/05\/CV-Patrizia-1.pdf\">Curriculum Vitae<\/a><\/p>\n<p>&nbsp;<\/p>\n<p><strong>Giovanna Annese<\/strong><\/p>\n<p><img loading=\"lazy\" decoding=\"async\" class=\"alignnone wp-image-148\" src=\"http:\/\/www.ipasvibn.it\/web\/wp-content\/uploads\/2016\/05\/foto-3-205x300.jpg\" alt=\"foto 3\" width=\"300\" height=\"439\" srcset=\"https:\/\/www.opibn.it\/web\/wp-content\/uploads\/2016\/05\/foto-3-205x300.jpg 205w, https:\/\/www.opibn.it\/web\/wp-content\/uploads\/2016\/05\/foto-3.jpg 434w\" sizes=\"auto, (max-width: 300px) 100vw, 300px\" \/><\/p>\n<p>Scarica\u00a0<a href=\"http:\/\/www.ipasvibn.it\/web\/wp-content\/uploads\/2016\/05\/foto-1.jpg\" target=\"_blank\">Fac Simile<\/a><\/p>\n<p>&nbsp;<\/p>\n<p><strong>Silvana Falato<\/strong><\/p>\n<p><img loading=\"lazy\" decoding=\"async\" class=\"alignnone size-medium wp-image-150\" src=\"http:\/\/www.ipasvibn.it\/web\/wp-content\/uploads\/2016\/05\/2016-04-15-22.15.01-208x300.png\" alt=\"2016-04-15 22.15.01\" width=\"208\" height=\"300\" srcset=\"https:\/\/www.opibn.it\/web\/wp-content\/uploads\/2016\/05\/2016-04-15-22.15.01-208x300.png 208w, https:\/\/www.opibn.it\/web\/wp-content\/uploads\/2016\/05\/2016-04-15-22.15.01.png 366w\" sizes=\"auto, (max-width: 208px) 100vw, 208px\" \/><\/p>\n<p>Scarica\u00a0<a href=\"http:\/\/www.ipasvibn.it\/web\/wp-content\/uploads\/2016\/05\/facsimile-singola-doppia-croce_web.pdf\" target=\"_blank\">Fac simile<\/a><br \/>\nScarica\u00a0<a href=\"http:\/\/www.ipasvibn.it\/web\/wp-content\/uploads\/2016\/05\/CVE1.doc\" target=\"_blank\">Curriculum Vitae<\/a><\/p>\n<p>&nbsp;<\/p>\n<p><strong>Nunzia Taddeo<\/strong><\/p>\n<p><img loading=\"lazy\" decoding=\"async\" class=\"alignnone size-medium wp-image-157\" src=\"http:\/\/www.ipasvibn.it\/web\/wp-content\/uploads\/2016\/05\/Taddeo2-001-300x200.jpg\" alt=\"Taddeo2 001\" width=\"300\" height=\"200\" srcset=\"https:\/\/www.opibn.it\/web\/wp-content\/uploads\/2016\/05\/Taddeo2-001-300x200.jpg 300w, https:\/\/www.opibn.it\/web\/wp-content\/uploads\/2016\/05\/Taddeo2-001-600x399.jpg 600w, https:\/\/www.opibn.it\/web\/wp-content\/uploads\/2016\/05\/Taddeo2-001-768x511.jpg 768w, https:\/\/www.opibn.it\/web\/wp-content\/uploads\/2016\/05\/Taddeo2-001.jpg 900w\" sizes=\"auto, (max-width: 300px) 100vw, 300px\" \/><\/p>\n<p>Scarica\u00a0<a href=\"http:\/\/www.ipasvibn.it\/web\/wp-content\/uploads\/2016\/05\/Taddeo1-001-facsimile.jpg\" target=\"_blank\">Fac simile<\/a><br \/>\nScarica\u00a0<a href=\"http:\/\/www.ipasvibn.it\/web\/wp-content\/uploads\/2016\/05\/Nunzia-Taddeo-presentazione.pdf\" target=\"_blank\">Presentazione<\/a><\/p>\n<p>&nbsp;<\/p>\n<p><strong>Emilia Palumbo<\/strong><\/p>\n<p><img loading=\"lazy\" decoding=\"async\" class=\"alignnone size-medium wp-image-162\" src=\"http:\/\/www.ipasvibn.it\/web\/wp-content\/uploads\/2016\/05\/emiliiapalumbo-212x300.jpg\" alt=\"emiliiapalumbo\" width=\"212\" height=\"300\" srcset=\"https:\/\/www.opibn.it\/web\/wp-content\/uploads\/2016\/05\/emiliiapalumbo-212x300.jpg 212w, https:\/\/www.opibn.it\/web\/wp-content\/uploads\/2016\/05\/emiliiapalumbo-600x848.jpg 600w, https:\/\/www.opibn.it\/web\/wp-content\/uploads\/2016\/05\/emiliiapalumbo-768x1086.jpg 768w, https:\/\/www.opibn.it\/web\/wp-content\/uploads\/2016\/05\/emiliiapalumbo-724x1024.jpg 724w, https:\/\/www.opibn.it\/web\/wp-content\/uploads\/2016\/05\/emiliiapalumbo.jpg 1000w\" sizes=\"auto, (max-width: 212px) 100vw, 212px\" \/><\/p>\n<p>Scarica\u00a0<a href=\"http:\/\/www.ipasvibn.it\/web\/wp-content\/uploads\/2016\/05\/cv.docx\" target=\"_blank\">Curriculum Vitae<\/a><\/p>\n","protected":false},"excerpt":{"rendered":"<p>Il prossimo 5 giugno a Benevento e in molti Comuni della nostra Provincia, si terranno le elezioni per il rinnovo dei Consigli Comunali. Il Collegio provinciale IPASVI di Benevento, pur nella consapevolezza che le politiche sanitarie sono disciplinate e governate\u00a0a livello centrale dalla Regione, rimarca la centralit\u00e0 rivestita dalle Comunit\u00e0&hellip; <\/p>\n","protected":false},"author":107,"featured_media":81,"comment_status":"closed","ping_status":"open","sticky":false,"template":"","format":"standard","meta":{"_acf_changed":false,"footnotes":""},"categories":[1],"tags":[],"class_list":["post-79","post","type-post","status-publish","format-standard","has-post-thumbnail","hentry","category-news"],"acf":[],"yoast_head":"<!-- This site is optimized with the Yoast SEO plugin v28.2 - https:\/\/yoast.com\/product\/yoast-seo-wordpress\/ -->\n<title>OPI Benevento | Ordine delle Professioni Infermieristiche - Elezioni Amministrative del 5 giugno 2016<\/title>\n<meta name=\"description\" content=\"%\" \/>\n<meta name=\"robots\" content=\"index, follow, max-snippet:-1, max-image-preview:large, max-video-preview:-1\" \/>\n<link rel=\"canonical\" href=\"https:\/\/www.opibn.it\/web\/news\/elezioni-amministrative-del-5-giugno-2016\/\" \/>\n<meta property=\"og:locale\" content=\"it_IT\" \/>\n<meta property=\"og:type\" content=\"article\" \/>\n<meta property=\"og:title\" content=\"OPI Benevento | Ordine delle Professioni Infermieristiche - Elezioni Amministrative del 5 giugno 2016\" \/>\n<meta property=\"og:description\" content=\"%\" \/>\n<meta property=\"og:url\" content=\"https:\/\/www.opibn.it\/web\/news\/elezioni-amministrative-del-5-giugno-2016\/\" \/>\n<meta property=\"og:site_name\" content=\"OPI Benevento | Ordine delle Professioni Infermieristiche\" \/>\n<meta property=\"article:publisher\" content=\"https:\/\/www.facebook.com\/ipasvibenevento\" \/>\n<meta property=\"article:published_time\" content=\"2016-05-25T10:17:51+00:00\" \/>\n<meta property=\"article:modified_time\" content=\"2018-09-17T15:18:43+00:00\" \/>\n<meta property=\"og:image\" content=\"https:\/\/www.opibn.it\/web\/wp-content\/uploads\/2016\/05\/elezioni.jpg\" \/>\n\t<meta property=\"og:image:width\" content=\"3933\" \/>\n\t<meta property=\"og:image:height\" content=\"2832\" \/>\n\t<meta property=\"og:image:type\" content=\"image\/jpeg\" \/>\n<meta name=\"author\" content=\"OPI BN\" \/>\n<meta name=\"twitter:card\" content=\"summary_large_image\" \/>\n<meta name=\"twitter:label1\" content=\"Scritto da\" \/>\n\t<meta name=\"twitter:data1\" content=\"OPI BN\" \/>\n\t<meta name=\"twitter:label2\" content=\"Tempo di lettura stimato\" \/>\n\t<meta name=\"twitter:data2\" content=\"2 minuti\" \/>\n<script type=\"application\/ld+json\" class=\"yoast-schema-graph\">{\"@context\":\"https:\\\/\\\/schema.org\",\"@graph\":[{\"@type\":\"Article\",\"@id\":\"https:\\\/\\\/www.opibn.it\\\/web\\\/news\\\/elezioni-amministrative-del-5-giugno-2016\\\/#article\",\"isPartOf\":{\"@id\":\"https:\\\/\\\/www.opibn.it\\\/web\\\/news\\\/elezioni-amministrative-del-5-giugno-2016\\\/\"},\"author\":{\"name\":\"OPI BN\",\"@id\":\"https:\\\/\\\/www.opibn.it\\\/web\\\/#\\\/schema\\\/person\\\/5502c71f270145db3c88eaab767b01c1\"},\"headline\":\"Elezioni Amministrative del 5 giugno 2016\",\"datePublished\":\"2016-05-25T10:17:51+00:00\",\"dateModified\":\"2018-09-17T15:18:43+00:00\",\"mainEntityOfPage\":{\"@id\":\"https:\\\/\\\/www.opibn.it\\\/web\\\/news\\\/elezioni-amministrative-del-5-giugno-2016\\\/\"},\"wordCount\":345,\"publisher\":{\"@id\":\"https:\\\/\\\/www.opibn.it\\\/web\\\/#organization\"},\"image\":{\"@id\":\"https:\\\/\\\/www.opibn.it\\\/web\\\/news\\\/elezioni-amministrative-del-5-giugno-2016\\\/#primaryimage\"},\"thumbnailUrl\":\"https:\\\/\\\/www.opibn.it\\\/web\\\/wp-content\\\/uploads\\\/2016\\\/05\\\/elezioni.jpg\",\"articleSection\":[\"News\"],\"inLanguage\":\"it-IT\"},{\"@type\":\"WebPage\",\"@id\":\"https:\\\/\\\/www.opibn.it\\\/web\\\/news\\\/elezioni-amministrative-del-5-giugno-2016\\\/\",\"url\":\"https:\\\/\\\/www.opibn.it\\\/web\\\/news\\\/elezioni-amministrative-del-5-giugno-2016\\\/\",\"name\":\"OPI Benevento | Ordine delle Professioni Infermieristiche - Elezioni Amministrative del 5 giugno 2016\",\"isPartOf\":{\"@id\":\"https:\\\/\\\/www.opibn.it\\\/web\\\/#website\"},\"primaryImageOfPage\":{\"@id\":\"https:\\\/\\\/www.opibn.it\\\/web\\\/news\\\/elezioni-amministrative-del-5-giugno-2016\\\/#primaryimage\"},\"image\":{\"@id\":\"https:\\\/\\\/www.opibn.it\\\/web\\\/news\\\/elezioni-amministrative-del-5-giugno-2016\\\/#primaryimage\"},\"thumbnailUrl\":\"https:\\\/\\\/www.opibn.it\\\/web\\\/wp-content\\\/uploads\\\/2016\\\/05\\\/elezioni.jpg\",\"datePublished\":\"2016-05-25T10:17:51+00:00\",\"dateModified\":\"2018-09-17T15:18:43+00:00\",\"description\":\"%\",\"breadcrumb\":{\"@id\":\"https:\\\/\\\/www.opibn.it\\\/web\\\/news\\\/elezioni-amministrative-del-5-giugno-2016\\\/#breadcrumb\"},\"inLanguage\":\"it-IT\",\"potentialAction\":[{\"@type\":\"ReadAction\",\"target\":[\"https:\\\/\\\/www.opibn.it\\\/web\\\/news\\\/elezioni-amministrative-del-5-giugno-2016\\\/\"]}]},{\"@type\":\"ImageObject\",\"inLanguage\":\"it-IT\",\"@id\":\"https:\\\/\\\/www.opibn.it\\\/web\\\/news\\\/elezioni-amministrative-del-5-giugno-2016\\\/#primaryimage\",\"url\":\"https:\\\/\\\/www.opibn.it\\\/web\\\/wp-content\\\/uploads\\\/2016\\\/05\\\/elezioni.jpg\",\"contentUrl\":\"https:\\\/\\\/www.opibn.it\\\/web\\\/wp-content\\\/uploads\\\/2016\\\/05\\\/elezioni.jpg\",\"width\":3933,\"height\":2832},{\"@type\":\"BreadcrumbList\",\"@id\":\"https:\\\/\\\/www.opibn.it\\\/web\\\/news\\\/elezioni-amministrative-del-5-giugno-2016\\\/#breadcrumb\",\"itemListElement\":[{\"@type\":\"ListItem\",\"position\":1,\"name\":\"Home\",\"item\":\"https:\\\/\\\/www.opibn.it\\\/web\\\/\"},{\"@type\":\"ListItem\",\"position\":2,\"name\":\"Elezioni Amministrative del 5 giugno 2016\"}]},{\"@type\":\"WebSite\",\"@id\":\"https:\\\/\\\/www.opibn.it\\\/web\\\/#website\",\"url\":\"https:\\\/\\\/www.opibn.it\\\/web\\\/\",\"name\":\"OPI Benevento | Ordine delle Professioni Infermieristiche\",\"description\":\"Ordine delle Professioni Infermieristiche di Benevento\",\"publisher\":{\"@id\":\"https:\\\/\\\/www.opibn.it\\\/web\\\/#organization\"},\"potentialAction\":[{\"@type\":\"SearchAction\",\"target\":{\"@type\":\"EntryPoint\",\"urlTemplate\":\"https:\\\/\\\/www.opibn.it\\\/web\\\/?s={search_term_string}\"},\"query-input\":{\"@type\":\"PropertyValueSpecification\",\"valueRequired\":true,\"valueName\":\"search_term_string\"}}],\"inLanguage\":\"it-IT\"},{\"@type\":\"Organization\",\"@id\":\"https:\\\/\\\/www.opibn.it\\\/web\\\/#organization\",\"name\":\"OPI Benevento\",\"url\":\"https:\\\/\\\/www.opibn.it\\\/web\\\/\",\"logo\":{\"@type\":\"ImageObject\",\"inLanguage\":\"it-IT\",\"@id\":\"https:\\\/\\\/www.opibn.it\\\/web\\\/#\\\/schema\\\/logo\\\/image\\\/\",\"url\":\"https:\\\/\\\/www.opibn.it\\\/web\\\/wp-content\\\/uploads\\\/2018\\\/08\\\/opi-logo-quadrato.png\",\"contentUrl\":\"https:\\\/\\\/www.opibn.it\\\/web\\\/wp-content\\\/uploads\\\/2018\\\/08\\\/opi-logo-quadrato.png\",\"width\":358,\"height\":358,\"caption\":\"OPI Benevento\"},\"image\":{\"@id\":\"https:\\\/\\\/www.opibn.it\\\/web\\\/#\\\/schema\\\/logo\\\/image\\\/\"},\"sameAs\":[\"https:\\\/\\\/www.facebook.com\\\/ipasvibenevento\"]},{\"@type\":\"Person\",\"@id\":\"https:\\\/\\\/www.opibn.it\\\/web\\\/#\\\/schema\\\/person\\\/5502c71f270145db3c88eaab767b01c1\",\"name\":\"OPI BN\",\"image\":{\"@type\":\"ImageObject\",\"inLanguage\":\"it-IT\",\"@id\":\"https:\\\/\\\/secure.gravatar.com\\\/avatar\\\/87d735b700c0e22c6a17c6eb9638660c573676dac6dfd34de3893aaeef07b816?s=96&d=mm&r=g\",\"url\":\"https:\\\/\\\/secure.gravatar.com\\\/avatar\\\/87d735b700c0e22c6a17c6eb9638660c573676dac6dfd34de3893aaeef07b816?s=96&d=mm&r=g\",\"contentUrl\":\"https:\\\/\\\/secure.gravatar.com\\\/avatar\\\/87d735b700c0e22c6a17c6eb9638660c573676dac6dfd34de3893aaeef07b816?s=96&d=mm&r=g\",\"caption\":\"OPI BN\"},\"sameAs\":[\"http:\\\/\\\/www.opibn.it\"],\"url\":\"https:\\\/\\\/www.opibn.it\\\/web\\\/author\\\/opibenevento\\\/\"}]}<\/script>\n<!-- \/ Yoast SEO plugin. -->","yoast_head_json":{"title":"OPI Benevento | Ordine delle Professioni Infermieristiche - Elezioni Amministrative del 5 giugno 2016","description":"%","robots":{"index":"index","follow":"follow","max-snippet":"max-snippet:-1","max-image-preview":"max-image-preview:large","max-video-preview":"max-video-preview:-1"},"canonical":"https:\/\/www.opibn.it\/web\/news\/elezioni-amministrative-del-5-giugno-2016\/","og_locale":"it_IT","og_type":"article","og_title":"OPI Benevento | Ordine delle Professioni Infermieristiche - Elezioni Amministrative del 5 giugno 2016","og_description":"%","og_url":"https:\/\/www.opibn.it\/web\/news\/elezioni-amministrative-del-5-giugno-2016\/","og_site_name":"OPI Benevento | Ordine delle Professioni Infermieristiche","article_publisher":"https:\/\/www.facebook.com\/ipasvibenevento","article_published_time":"2016-05-25T10:17:51+00:00","article_modified_time":"2018-09-17T15:18:43+00:00","og_image":[{"width":3933,"height":2832,"url":"https:\/\/www.opibn.it\/web\/wp-content\/uploads\/2016\/05\/elezioni.jpg","type":"image\/jpeg"}],"author":"OPI BN","twitter_card":"summary_large_image","twitter_misc":{"Scritto da":"OPI BN","Tempo di lettura stimato":"2 minuti"},"schema":{"@context":"https:\/\/schema.org","@graph":[{"@type":"Article","@id":"https:\/\/www.opibn.it\/web\/news\/elezioni-amministrative-del-5-giugno-2016\/#article","isPartOf":{"@id":"https:\/\/www.opibn.it\/web\/news\/elezioni-amministrative-del-5-giugno-2016\/"},"author":{"name":"OPI BN","@id":"https:\/\/www.opibn.it\/web\/#\/schema\/person\/5502c71f270145db3c88eaab767b01c1"},"headline":"Elezioni Amministrative del 5 giugno 2016","datePublished":"2016-05-25T10:17:51+00:00","dateModified":"2018-09-17T15:18:43+00:00","mainEntityOfPage":{"@id":"https:\/\/www.opibn.it\/web\/news\/elezioni-amministrative-del-5-giugno-2016\/"},"wordCount":345,"publisher":{"@id":"https:\/\/www.opibn.it\/web\/#organization"},"image":{"@id":"https:\/\/www.opibn.it\/web\/news\/elezioni-amministrative-del-5-giugno-2016\/#primaryimage"},"thumbnailUrl":"https:\/\/www.opibn.it\/web\/wp-content\/uploads\/2016\/05\/elezioni.jpg","articleSection":["News"],"inLanguage":"it-IT"},{"@type":"WebPage","@id":"https:\/\/www.opibn.it\/web\/news\/elezioni-amministrative-del-5-giugno-2016\/","url":"https:\/\/www.opibn.it\/web\/news\/elezioni-amministrative-del-5-giugno-2016\/","name":"OPI Benevento | Ordine delle Professioni Infermieristiche - Elezioni Amministrative del 5 giugno 2016","isPartOf":{"@id":"https:\/\/www.opibn.it\/web\/#website"},"primaryImageOfPage":{"@id":"https:\/\/www.opibn.it\/web\/news\/elezioni-amministrative-del-5-giugno-2016\/#primaryimage"},"image":{"@id":"https:\/\/www.opibn.it\/web\/news\/elezioni-amministrative-del-5-giugno-2016\/#primaryimage"},"thumbnailUrl":"https:\/\/www.opibn.it\/web\/wp-content\/uploads\/2016\/05\/elezioni.jpg","datePublished":"2016-05-25T10:17:51+00:00","dateModified":"2018-09-17T15:18:43+00:00","description":"%","breadcrumb":{"@id":"https:\/\/www.opibn.it\/web\/news\/elezioni-amministrative-del-5-giugno-2016\/#breadcrumb"},"inLanguage":"it-IT","potentialAction":[{"@type":"ReadAction","target":["https:\/\/www.opibn.it\/web\/news\/elezioni-amministrative-del-5-giugno-2016\/"]}]},{"@type":"ImageObject","inLanguage":"it-IT","@id":"https:\/\/www.opibn.it\/web\/news\/elezioni-amministrative-del-5-giugno-2016\/#primaryimage","url":"https:\/\/www.opibn.it\/web\/wp-content\/uploads\/2016\/05\/elezioni.jpg","contentUrl":"https:\/\/www.opibn.it\/web\/wp-content\/uploads\/2016\/05\/elezioni.jpg","width":3933,"height":2832},{"@type":"BreadcrumbList","@id":"https:\/\/www.opibn.it\/web\/news\/elezioni-amministrative-del-5-giugno-2016\/#breadcrumb","itemListElement":[{"@type":"ListItem","position":1,"name":"Home","item":"https:\/\/www.opibn.it\/web\/"},{"@type":"ListItem","position":2,"name":"Elezioni Amministrative del 5 giugno 2016"}]},{"@type":"WebSite","@id":"https:\/\/www.opibn.it\/web\/#website","url":"https:\/\/www.opibn.it\/web\/","name":"OPI Benevento | Ordine delle Professioni Infermieristiche","description":"Ordine delle Professioni Infermieristiche di Benevento","publisher":{"@id":"https:\/\/www.opibn.it\/web\/#organization"},"potentialAction":[{"@type":"SearchAction","target":{"@type":"EntryPoint","urlTemplate":"https:\/\/www.opibn.it\/web\/?s={search_term_string}"},"query-input":{"@type":"PropertyValueSpecification","valueRequired":true,"valueName":"search_term_string"}}],"inLanguage":"it-IT"},{"@type":"Organization","@id":"https:\/\/www.opibn.it\/web\/#organization","name":"OPI Benevento","url":"https:\/\/www.opibn.it\/web\/","logo":{"@type":"ImageObject","inLanguage":"it-IT","@id":"https:\/\/www.opibn.it\/web\/#\/schema\/logo\/image\/","url":"https:\/\/www.opibn.it\/web\/wp-content\/uploads\/2018\/08\/opi-logo-quadrato.png","contentUrl":"https:\/\/www.opibn.it\/web\/wp-content\/uploads\/2018\/08\/opi-logo-quadrato.png","width":358,"height":358,"caption":"OPI Benevento"},"image":{"@id":"https:\/\/www.opibn.it\/web\/#\/schema\/logo\/image\/"},"sameAs":["https:\/\/www.facebook.com\/ipasvibenevento"]},{"@type":"Person","@id":"https:\/\/www.opibn.it\/web\/#\/schema\/person\/5502c71f270145db3c88eaab767b01c1","name":"OPI BN","image":{"@type":"ImageObject","inLanguage":"it-IT","@id":"https:\/\/secure.gravatar.com\/avatar\/87d735b700c0e22c6a17c6eb9638660c573676dac6dfd34de3893aaeef07b816?s=96&d=mm&r=g","url":"https:\/\/secure.gravatar.com\/avatar\/87d735b700c0e22c6a17c6eb9638660c573676dac6dfd34de3893aaeef07b816?s=96&d=mm&r=g","contentUrl":"https:\/\/secure.gravatar.com\/avatar\/87d735b700c0e22c6a17c6eb9638660c573676dac6dfd34de3893aaeef07b816?s=96&d=mm&r=g","caption":"OPI BN"},"sameAs":["http:\/\/www.opibn.it"],"url":"https:\/\/www.opibn.it\/web\/author\/opibenevento\/"}]}},"publishpress_future_action":{"enabled":false,"date":"2026-09-12 07:32:24","action":"change-status","newStatus":"draft","terms":[],"taxonomy":"category","extraData":[]},"publishpress_future_workflow_manual_trigger":{"enabledWorkflows":[]},"rttpg_featured_image_url":{"full":["https:\/\/www.opibn.it\/web\/wp-content\/uploads\/2016\/05\/elezioni.jpg",3933,2832,false],"landscape":["https:\/\/www.opibn.it\/web\/wp-content\/uploads\/2016\/05\/elezioni.jpg",3933,2832,false],"portraits":["https:\/\/www.opibn.it\/web\/wp-content\/uploads\/2016\/05\/elezioni.jpg",3933,2832,false],"thumbnail":["https:\/\/www.opibn.it\/web\/wp-content\/uploads\/2016\/05\/elezioni-150x150.jpg",150,150,true],"medium":["https:\/\/www.opibn.it\/web\/wp-content\/uploads\/2016\/05\/elezioni-300x216.jpg",300,216,true],"large":["https:\/\/www.opibn.it\/web\/wp-content\/uploads\/2016\/05\/elezioni-1024x737.jpg",770,554,true],"1536x1536":["https:\/\/www.opibn.it\/web\/wp-content\/uploads\/2016\/05\/elezioni.jpg",1536,1106,false],"2048x2048":["https:\/\/www.opibn.it\/web\/wp-content\/uploads\/2016\/05\/elezioni.jpg",2048,1475,false],"ambition-featured-large":["https:\/\/www.opibn.it\/web\/wp-content\/uploads\/2016\/05\/elezioni-1170x650.jpg",1170,650,true],"ambition-recent-work":["https:\/\/www.opibn.it\/web\/wp-content\/uploads\/2016\/05\/elezioni-670x420.jpg",670,420,true],"ambition-icon":["https:\/\/www.opibn.it\/web\/wp-content\/uploads\/2016\/05\/elezioni-210x210.jpg",210,210,true],"woocommerce_thumbnail":["https:\/\/www.opibn.it\/web\/wp-content\/uploads\/2016\/05\/elezioni-300x300.jpg",300,300,true],"woocommerce_single":["https:\/\/www.opibn.it\/web\/wp-content\/uploads\/2016\/05\/elezioni-600x432.jpg",600,432,true],"woocommerce_gallery_thumbnail":["https:\/\/www.opibn.it\/web\/wp-content\/uploads\/2016\/05\/elezioni-100x100.jpg",100,100,true]},"rttpg_author":{"display_name":"OPI BN","author_link":"https:\/\/www.opibn.it\/web\/author\/opibenevento\/"},"rttpg_comment":0,"rttpg_category":"<a href=\"https:\/\/www.opibn.it\/web\/category\/news\/\" rel=\"category tag\">News<\/a>","rttpg_excerpt":"Il prossimo 5 giugno a Benevento e in molti Comuni della nostra Provincia, si terranno le elezioni per il rinnovo dei Consigli Comunali. Il Collegio provinciale IPASVI di Benevento, pur nella consapevolezza che le politiche sanitarie sono disciplinate e governate\u00a0a livello centrale dalla Regione, rimarca la centralit\u00e0 rivestita dalle Comunit\u00e0&hellip;","_links":{"self":[{"href":"https:\/\/www.opibn.it\/web\/wp-json\/wp\/v2\/posts\/79","targetHints":{"allow":["GET"]}}],"collection":[{"href":"https:\/\/www.opibn.it\/web\/wp-json\/wp\/v2\/posts"}],"about":[{"href":"https:\/\/www.opibn.it\/web\/wp-json\/wp\/v2\/types\/post"}],"author":[{"embeddable":true,"href":"https:\/\/www.opibn.it\/web\/wp-json\/wp\/v2\/users\/107"}],"replies":[{"embeddable":true,"href":"https:\/\/www.opibn.it\/web\/wp-json\/wp\/v2\/comments?post=79"}],"version-history":[{"count":9,"href":"https:\/\/www.opibn.it\/web\/wp-json\/wp\/v2\/posts\/79\/revisions"}],"predecessor-version":[{"id":163,"href":"https:\/\/www.opibn.it\/web\/wp-json\/wp\/v2\/posts\/79\/revisions\/163"}],"wp:featuredmedia":[{"embeddable":true,"href":"https:\/\/www.opibn.it\/web\/wp-json\/wp\/v2\/media\/81"}],"wp:attachment":[{"href":"https:\/\/www.opibn.it\/web\/wp-json\/wp\/v2\/media?parent=79"}],"wp:term":[{"taxonomy":"category","embeddable":true,"href":"https:\/\/www.opibn.it\/web\/wp-json\/wp\/v2\/categories?post=79"},{"taxonomy":"post_tag","embeddable":true,"href":"https:\/\/www.opibn.it\/web\/wp-json\/wp\/v2\/tags?post=79"}],"curies":[{"name":"wp","href":"https:\/\/api.w.org\/{rel}","templated":true}]}}